{"id":711,"date":"2026-01-19T17:57:20","date_gmt":"2026-01-19T17:57:20","guid":{"rendered":"https:\/\/juni-consult.de\/?p=711"},"modified":"2026-01-19T22:18:37","modified_gmt":"2026-01-19T22:18:37","slug":"trump-und-groenland-rechtsbrueche-vorprogrammiert","status":"publish","type":"post","link":"https:\/\/juni-consult.de\/?p=711","title":{"rendered":"Trump und Gr\u00f6nland \u2013 Rechtsbr\u00fcche vorprogrammiert"},"content":{"rendered":"\n<p>Seit der ersten Amtszeit von <strong>Donald Trump<\/strong> wei\u00df die staunende Welt, dass er es liebt, als \u201e<strong>Immobilien-Hai<\/strong>\u201c aufzutreten \u2013 er h\u00e4lt sich, erkennbar <strong>ohne jede Berechtigung<\/strong>, f\u00fcr einen wunderbaren \u201e<strong>Dealmaker<\/strong>\u201c. In der Tat kriegt er auch oft, was er will \u2013 wo sich Macht mit Skrupellosigkeit verbindet, hat eben das Recht, leider h\u00e4ufig \u00fcber lange Zeit, das Nachsehen.<\/p>\n\n\n\n<h2 class=\"wp-block-heading\"><strong>Trump und Gr\u00f6nland<\/strong><\/h2>\n\n\n\n<figure class=\"wp-block-image size-full\"><img loading=\"lazy\" decoding=\"async\" width=\"704\" height=\"512\" src=\"https:\/\/juni-consult.de\/wp-content\/uploads\/2026\/01\/Adler-mit-Eisblock.jpg\" alt=\"\" class=\"wp-image-714\" srcset=\"https:\/\/juni-consult.de\/wp-content\/uploads\/2026\/01\/Adler-mit-Eisblock.jpg 704w, https:\/\/juni-consult.de\/wp-content\/uploads\/2026\/01\/Adler-mit-Eisblock-300x218.jpg 300w\" sizes=\"auto, (max-width: 704px) 100vw, 704px\" \/><\/figure>\n\n\n\n<p>Aus einer Reihe von Gr\u00fcnden \u2013 die Russen und Chinesen sind dabei sicherlich <strong>weniger wichtig <\/strong>als die (bislang noch unerreichbaren) <strong>Bodensch\u00e4tze <\/strong>\u2013 will er Gr\u00f6nland, diese riesige Insel zwischen den Kontinenten und vor der Passage in das zunehmend wichtiger werdende Alaska und die Polregion in die USA holen; er will das Territorium besitzen und die Gr\u00f6nl\u00e4nder zu Amerikanern machen. F\u00fcr den \u201e<strong>Eigent\u00fcmer<\/strong>\u201c dieses Staatsgebietes, das kleine <strong>K\u00f6nigreich D\u00e4nemark<\/strong>, hat er nur Spott.<\/p>\n\n\n\n<p>Verbal und mit der Androhung von <strong>Strafz\u00f6llen <\/strong>\u2013 seiner beliebten <strong>Dummenkeule <\/strong>gegen Andersdenkende \u2013 will er diesen <strong>Hobbyimperialismus<\/strong> durchsetzen.<\/p>\n\n\n\n<p>Dass er dabei <strong>mehrfach das Recht brechen<\/strong> muss, ist ihm erkennbar <strong>wurscht<\/strong>!<\/p>\n\n\n\n<h2 class=\"wp-block-heading\"><strong>V\u00f6lkerrecht ist nicht gleich V\u00f6lkerrecht<\/strong><\/h2>\n\n\n\n<p>Das \u201e<strong>V\u00f6lkerrecht<\/strong>\u201c ist eine <strong>\u00fcberstaatliche Rechtsordnung<\/strong>, die verschiedene Quellen hat. Soweit es sich auf sog. \u201e<strong>Mindeststandards<\/strong>\u201c, also allgemein anerkannte Regeln, st\u00fctzt, ist es naturgem\u00e4\u00df schwach und oft nicht durchsetzbar. Anders ist es allerdings, wenn es auf <strong>v\u00f6lkerrechtlichen Vertr\u00e4gen<\/strong> beruht \u2013 sie werden bei den Mitgliedsstaaten dieser Vertr\u00e4ge durch ihre Ratifizierung auch <strong>innerstaatlich bindendes Recht<\/strong>. Auch das aber ist unterschiedlich stark.<\/p>\n\n\n\n<p>So w\u00fcrde Trump mit nahezu allem, was er f\u00fcr die <strong>Annektion von Gr\u00f6nland <\/strong>unternimmt, gegen die <strong>Beistandspflicht des NATO-Vertrages<\/strong> versto\u00dfen, aber dessen <strong>Art. 5<\/strong> greift nur ein, wenn ein \u201e<strong>bewaffneter Angriff<\/strong>\u201c, auch von einem NATO-Staat gegen einen anderen, erfolgt, nicht zwingend bei sonstigen erfolgreichen \u201eKraftakten\u201c.<\/p>\n\n\n\n<h2 class=\"wp-block-heading\"><strong>Die amerikanische \u201eGr\u00f6nland-Versicherung\u201c<\/strong><\/h2>\n\n\n\n<p>Die Tatsache allerdings, dass Gr\u00f6nland zum <strong>d\u00e4nischen Staatsgebiet <\/strong>geh\u00f6rt, ist <strong>inneramerikanisches&nbsp; Recht<\/strong>, und zwar <strong>Vertragsrecht<\/strong>, das zum einen nicht ohne das US-Parlament, und zum anderen nur in Vereinbarungen mit D\u00e4nemark, ge\u00e4ndert oder aufgehoben werden kann.<\/p>\n\n\n\n<h2 class=\"wp-block-heading\"><strong>Die \u201emerkw\u00fcrdige\u201c Vertragsbestimmung<\/strong><\/h2>\n\n\n\n<p>Wie inzwischen mehrfach berichtet wurde, haben die USA am <strong>4. August 1916<\/strong> mit D\u00e4nemark einen <strong><a href=\"https:\/\/www.govinfo.gov\/content\/pkg\/STATUTE-39\/pdf\/STATUTE-39-Pg1706.pdf\">Kaufvertrag <\/a>\u00fcber den Ankauf der d\u00e4nischen westindischen Inseln<\/strong> geschlossen, die damit am 1. April 1917, nachdem der Vertrag in beiden Staaten von den Parlamenten <strong>ratifiziert <\/strong>worden war, f\u00fcr 25 Mio. US-Dollar amerikanisches Territorium wurden.<\/p>\n\n\n\n<p>Dieser Vertrag verh\u00e4lt sich in <strong>12 Artikeln<\/strong> in englisch und d\u00e4nisch und einigen Ausf\u00fchrungen nur in englisch auf 10 Seiten in zahlreichen Einzelheiten zu den \u00fcbernommenen Inseln und den vielen Umst\u00e4nden, die dort f\u00fcr den Handel, die Menschen und die Religion bedacht werden mussten. Danach enth\u00e4lt er einen Unterschriftsvermerk.<\/p>\n\n\n\n<p>Nach diesem kommt ein <strong>Vertragsbestandteil<\/strong>, der <strong>\u00fcberhaupt nichts <\/strong>mit den <strong>westindischen Inseln<\/strong> \u2013 die sp\u00e4ter die amerikanischen <strong>Jungferninseln <\/strong>genannt werden (<strong>Virgin Islands<\/strong>) \u2013 zu tun hat, und der folgenderma\u00dfen lautet:<\/p>\n\n\n\n<h2 class=\"wp-block-heading\">DECLARATION.<\/h2>\n\n\n\n<blockquote class=\"wp-block-quote is-layout-flow wp-block-quote-is-layout-flow\">\n<p>In proceeding this day to the signature of the Convention respecting the cession of the Danish West-Indian Islands to the United States of America, the undersigned Secretary of State of the United States of America, duly authorized by his Government, has the honor to declare that the Government of the United States of America will not object to the Danish Government extending their political and economic interests to the whole of Greenland.<\/p>\n<\/blockquote>\n\n\n\n<p>Unterzeichnet ist das im Auftrag des <strong>Pr\u00e4sidenten Wilson<\/strong> vom <strong>Staatssekret\u00e4r Robert Lansing<\/strong> in New York am 4. August 1916.<\/p>\n\n\n\n<p>Auf deutsch:<\/p>\n\n\n\n<h2 class=\"wp-block-heading\">ERKL\u00c4RUNG.<\/h2>\n\n\n\n<blockquote class=\"wp-block-quote is-layout-flow wp-block-quote-is-layout-flow\">\n<p>Im Vorfeld der heutigen Unterzeichnung des \u00dcbereinkommens \u00fcber die Abtretung der d\u00e4nischen Westindischen Inseln an die Vereinigten Staaten von Amerika erkl\u00e4rt der unterzeichnete Au\u00dfenminister der Vereinigten Staaten von Amerika, ordnungsgem\u00e4\u00df von seiner Regierung bevollm\u00e4chtigt, dass die Regierung der Vereinigten Staaten von Amerika keine Einw\u00e4nde dagegen erheben wird, dass die d\u00e4nische Regierung ihre politischen und wirtschaftlichen Interessen auf ganz Gr\u00f6nland ausdehnt.<\/p>\n<\/blockquote>\n\n\n\n<p>Da aber dieser Zusatz vom <strong>amerikanischen Parlament ratifiziert<\/strong> wurde, ist er mehr als nur eine <strong>Regierungserkl\u00e4rung<\/strong>; er ist eine <strong>vertraglich bindende Zusicherung der anerkannten Rechtslage<\/strong>.<\/p>\n\n\n\n<p>An diese ist die US-Regierung, auch unter Herrn Trump, <strong>rechtlich gebunden<\/strong>, bis sie nicht nur unter <strong>Mitwirkung <\/strong>von <strong>Senat <\/strong>und <strong>Abgeordnetenhaus<\/strong>, sondern in vertraglicher Form auch mit <strong>D\u00e4nemark <\/strong>aufgehoben wurde.<\/p>\n\n\n\n<h2 class=\"wp-block-heading\"><strong>Fazit<\/strong><\/h2>\n\n\n\n<p><strong>Alles, was die US-Administration ohne Zustimmung der d\u00e4nischen Regierung und des d\u00e4nischen Parlaments (und nach innerd\u00e4nischem Recht nicht \u00fcber die K\u00f6pfe der Gr\u00f6nl\u00e4nder hinweg) im Hinblick auf Gr\u00f6nland unternehmen k\u00f6nnten, w\u00e4re grob rechtswidrig und gegebenenfalls sogar rechtlich nichtig<\/strong>.<\/p>\n\n\n\n<h2 class=\"wp-block-heading\">Das wird ja noch spannend.<\/h2>\n\n\n\n<p>Dr. Wolfgang Lipps<\/p>\n\n\n\n<p><\/p>\n","protected":false},"excerpt":{"rendered":"<p>Seit der ersten Amtszeit von Donald Trump wei\u00df die staunende Welt, dass er es liebt, als \u201eImmobilien-Hai\u201c aufzutreten \u2013 er<\/p>\n","protected":false},"author":1,"featured_media":712,"comment_status":"open","ping_status":"closed","sticky":true,"template":"","format":"standard","meta":{"colormag_page_container_layout":"default_layout","colormag_page_sidebar_layout":"default_layout","footnotes":""},"categories":[1],"tags":[88,84,85,82,87,83,89,65,90,86],"class_list":["post-711","post","type-post","status-publish","format-standard","has-post-thumbnail","hentry","category-allgemein","tag-daenemark","tag-dealmaker","tag-dummenkeule","tag-groenland","tag-hobbyimperialismus","tag-immobilien-hai","tag-jungferninseln","tag-trump","tag-voelkerrecht","tag-zoelle"],"_links":{"self":[{"href":"https:\/\/juni-consult.de\/index.php?rest_route=\/wp\/v2\/posts\/711","targetHints":{"allow":["GET"]}}],"collection":[{"href":"https:\/\/juni-consult.de\/index.php?rest_route=\/wp\/v2\/posts"}],"about":[{"href":"https:\/\/juni-consult.de\/index.php?rest_route=\/wp\/v2\/types\/post"}],"author":[{"embeddable":true,"href":"https:\/\/juni-consult.de\/index.php?rest_route=\/wp\/v2\/users\/1"}],"replies":[{"embeddable":true,"href":"https:\/\/juni-consult.de\/index.php?rest_route=%2Fwp%2Fv2%2Fcomments&post=711"}],"version-history":[{"count":4,"href":"https:\/\/juni-consult.de\/index.php?rest_route=\/wp\/v2\/posts\/711\/revisions"}],"predecessor-version":[{"id":719,"href":"https:\/\/juni-consult.de\/index.php?rest_route=\/wp\/v2\/posts\/711\/revisions\/719"}],"wp:featuredmedia":[{"embeddable":true,"href":"https:\/\/juni-consult.de\/index.php?rest_route=\/wp\/v2\/media\/712"}],"wp:attachment":[{"href":"https:\/\/juni-consult.de\/index.php?rest_route=%2Fwp%2Fv2%2Fmedia&parent=711"}],"wp:term":[{"taxonomy":"category","embeddable":true,"href":"https:\/\/juni-consult.de\/index.php?rest_route=%2Fwp%2Fv2%2Fcategories&post=711"},{"taxonomy":"post_tag","embeddable":true,"href":"https:\/\/juni-consult.de\/index.php?rest_route=%2Fwp%2Fv2%2Ftags&post=711"}],"curies":[{"name":"wp","href":"https:\/\/api.w.org\/{rel}","templated":true}]}}