{"id":697,"date":"2025-12-12T12:32:36","date_gmt":"2025-12-12T12:32:36","guid":{"rendered":"https:\/\/juni-consult.de\/?p=697"},"modified":"2025-12-12T13:00:45","modified_gmt":"2025-12-12T13:00:45","slug":"us-sicherheitsstrategie-russische-eier-im-adlernest","status":"publish","type":"post","link":"https:\/\/juni-consult.de\/?p=697","title":{"rendered":"US-Sicherheitsstrategie \u2013 russische Eier im Adlernest!"},"content":{"rendered":"\n<figure class=\"wp-block-image aligncenter size-full is-resized\"><img loading=\"lazy\" decoding=\"async\" width=\"681\" height=\"916\" src=\"https:\/\/juni-consult.de\/wp-content\/uploads\/2025\/12\/National-Security-2025-2.jpg\" alt=\"\" class=\"wp-image-698\" style=\"width:311px;height:auto\" srcset=\"https:\/\/juni-consult.de\/wp-content\/uploads\/2025\/12\/National-Security-2025-2.jpg 681w, https:\/\/juni-consult.de\/wp-content\/uploads\/2025\/12\/National-Security-2025-2-223x300.jpg 223w\" sizes=\"auto, (max-width: 681px) 100vw, 681px\" \/><\/figure>\n\n\n\n<p>Im <strong>November 2025 <\/strong>hat der <strong>ehrliche L\u00fcgner, Bullshit-Erfinder <\/strong>und <strong>Fake-News-Meister Donald Trump<\/strong> ein ernst gemeintes 33 Seiten langes Papier unterschrieben, das er wahrscheinlich nicht sehr aufmerksam, wenn \u00fcberhaupt, selbst gelesen, aber mit Sicherheit vor allem nicht selbst geschrieben hat: Die <strong>Nationale Sicherheitsstrategie der Vereinigten Staaten von Amerika f\u00fcr 2025<\/strong>!<\/p>\n\n\n\n<p>Ungeachtet der zahlreichen widerspr\u00fcchlichen \u00c4u\u00dferungen dieses US-Pr\u00e4sidenten, z. B. gleich danach im Interview mit \u201ePolitico\u201c, muss man dieses Papier <strong>\u00fcberaus ernst nehmen<\/strong> \u2013 es ist die <strong>offizielle politische Festlegung der gegenw\u00e4rtigen amerikanischen Politik<\/strong>, f\u00fcr die gesamte US-Administration verbindlich, und mit Sicherheit die Handlungsgrundlage der amerikanischen Regierung, solange dieser Pr\u00e4sident im Amt ist; und unter einem Pr\u00e4sidenten J. D. Vance w\u00e4re das mindestens ganz genau so.<\/p>\n\n\n\n<h2 class=\"wp-block-heading\"><strong>Der Weckruf<\/strong><\/h2>\n\n\n\n<p>Diese Haltung der US-Regierung ist <strong>f\u00fcr Europa erschreckend <\/strong>und <strong>f\u00fcr die Ukraine eine Katastrophe<\/strong>!<\/p>\n\n\n\n<p>Aber sie ist nicht nur nicht <strong>\u00fcberraschend<\/strong>, sondern <strong>zu begr\u00fc\u00dfen<\/strong>: endlich sagt die amerikanische Regierung deutlich, wo sie steht und was sie tun oder auch nicht tun wird, und das wird vielleicht dazu beitragen, dass in Europa endlich auch dem letzten politischen Tr\u00e4umer die Augen ge\u00f6ffnet werden.<\/p>\n\n\n\n<blockquote class=\"wp-block-quote is-layout-flow wp-block-quote-is-layout-flow\">\n<p>Vielleicht wird dann hier endlich einmal gehandelt!<\/p>\n<\/blockquote>\n\n\n\n<p><strong>Deshalb m\u00fcssen wir Herrn Trump dankbar sein!<\/strong><\/p>\n\n\n\n<h2 class=\"wp-block-heading\"><strong>Putin und die AfD sind es schon!<\/strong><\/h2>\n\n\n\n<p>F\u00fcr Trump und vor allem f\u00fcr die Kr\u00e4fte hinter ihm und der MAGA-Bewegung \u2013 Vance, Thiel und Konsorten \u2013 gibt es keine Welt der tradierten Werte der fr\u00fcheren gemeinsamen Politik mehr. <strong>\u201eDie St\u00e4rke des Rechts weicht dem Recht des St\u00e4rkeren\u201c<\/strong>. Die negative Sicht der US auf Europa deckt sich mit der Putins, und damit der seiner Handlanger bei der AfD, und damit wieder mit der der Tech-Elite in den USA, die leider weitgehend die Tech-Elite der Welt ist!<\/p>\n\n\n\n<h2 class=\"wp-block-heading\"><strong>Die Kernthesen f\u00fcr Europa<\/strong><\/h2>\n\n\n\n<div class=\"wp-block-columns is-layout-flex wp-container-core-columns-is-layout-28f84493 wp-block-columns-is-layout-flex\">\n<div class=\"wp-block-column is-layout-flow wp-block-column-is-layout-flow\" style=\"flex-basis:100%\">\n<ol class=\"wp-block-list\">\n<li>Europa ist gegenw\u00e4rtig als Verb\u00fcndeter <strong>weder n\u00f6tig noch brauchbar<\/strong>;<\/li>\n\n\n\n<li>Die europ\u00e4ischen Staaten befinden sich im <strong>stetigen Niedergang <\/strong>\u2013 wenn sie so weitermachen, werden sie ein schlimmes Ende nehmen;<\/li>\n\n\n\n<li>Mit <strong>Russland <\/strong>m\u00fcssen sie schon selber klarkommen, das ist f\u00fcr die USA <strong>kein Gegner<\/strong> ;<\/li>\n\n\n\n<li>Die Rettung sind nur die <strong>patriotischen Parteien<\/strong> \u2013 das meint die <strong>AfD<\/strong> und dergleichen;<\/li>\n\n\n\n<li>Diese werden wir nach Kr\u00e4ften <strong>unterst\u00fctzen<\/strong>, uns also aktiv in die europ\u00e4ische Politik <strong>einmischen<\/strong><\/li>\n<\/ol>\n<\/div>\n<\/div>\n\n\n\n<p>und was dergleichen <strong>Unzutr\u00e4glichkeiten <\/strong>mehr sind.<\/p>\n\n\n\n<h2 class=\"wp-block-heading\"><strong>Es kommen schwere Zeiten<\/strong><\/h2>\n\n\n\n<p>Die <strong>Ergebnisse <\/strong>dieser Haltung beginnen wir bereits zu sehen. Werden Strafen gegen \u201eX\u201c verh\u00e4ngt, mault nicht nur Elon Musk gegen die EU, sondern die Politiker in den USA \u00fcberbieten sich in Drohungen. W\u00fcrden wir ein AfD-Verbot pr\u00fcfen, m\u00fcssen wir mit amerikanischen Sanktionen rechnen. Orban, der Zersetzungskeim der EU, wird hofiert.<\/p>\n\n\n\n<p>Angesichts unserer betr\u00e4chtlichen <strong>Abh\u00e4ngigkeit <\/strong>von amerikanischen <strong>Diensten<\/strong>, <strong>Finanzinstrumenten<\/strong>, <strong>Waffen<\/strong>, <strong>Informationen <\/strong>und anderem mehr ist das <strong>Arsenal m\u00f6glicher amerikanischer Gemeinheiten<\/strong> gegen Europa prall gef\u00fcllt. Wir sollten uns nicht der hoffnungsfrohen Illusion hingeben, dass \u201e<em>es schon nicht ganz so schlimm kommen wird<\/em>\u201c.<\/p>\n\n\n\n<blockquote class=\"wp-block-quote is-layout-flow wp-block-quote-is-layout-flow\">\n<p>\u201eRemember: things always look darkest \u2013 before they go completely black\u201c!<\/p>\n<\/blockquote>\n\n\n\n<h2 class=\"wp-block-heading\"><strong>Und das Fazit?<\/strong><\/h2>\n\n\n\n<ol class=\"wp-block-list\">\n<li><strong>Europa ist mehr als bisher zur \u201emonolithischen\u201c Einheit verdammt<\/strong>, nationale Interessen m\u00fcssen demgegen\u00fcber alle auf den Pr\u00fcfstand. Das bedeutet unter anderem, dass unser Bundeskanzler vielleicht in Zukunft mal erst denkt und dann losplaudert (<em>\u201ewenn die Amerikaner nicht mit der EU k\u00f6nnen, dann sollen sie sich doch mit Deutschland verb\u00fcnden\u201c<\/em> \u2013 <strong>plumper <\/strong>kann man kaum in Trumps Spaltungsfettn\u00e4pfchen treten!). Es bedeutet ferner, dass die EU h\u00e4rter mit Orban umgehen muss.<\/li>\n<\/ol>\n\n\n\n<ul class=\"wp-block-list\">\n<li>Und es bedeutet gleichzeitig, dass Europa rasch und dringend eine <strong>robuste gemeinsame Milit\u00e4rstrategie <\/strong>braucht. Nur so kann die NATO neben dem amerikanischen Milit\u00e4r eine \u201eEurop\u00e4ische Kern-NATO\u201c werden, deren gemeinsame Ressourcen und kombinierte Kampfkraft der russischen inzwischen massiv aufr\u00fcstenden Milit\u00e4rmacht mindestens ebenb\u00fcrtig, besser aber \u00fcberlegen ist \u2013 <strong>europ\u00e4ische Kriegsf\u00e4higkeit erh\u00f6hen, um Krieg unm\u00f6glich zu machen<\/strong>.<\/li>\n<\/ul>\n\n\n\n<ul class=\"wp-block-list\">\n<li>Europa muss die <strong>Ukraine noch st\u00e4rker aufr\u00fcsten<\/strong>, um so einen Stillstand des Krieges erzwingen zu k\u00f6nnen \u2013 nat\u00fcrlich mit amerikanischen Waffen und damit einem der \u201eDeals\u201c, die Trump Freude machen. Vor allem muss daf\u00fcr sofort das <strong>beschlagnahmte russische Finanzverm\u00f6gen <\/strong>vollumf\u00e4nglich eingesetzt werden.<\/li>\n<\/ul>\n\n\n\n<ul class=\"wp-block-list\">\n<li>Europa und seine au\u00dfereurop\u00e4ischen Verb\u00fcndeten m\u00fcssen ihre Anstrengungen <strong>verdoppeln<\/strong>, <strong>verdreifachen<\/strong>, <strong>vervielfachen<\/strong>, den Amerikanern klarzumachen, wie <strong>dumm <\/strong>deren weitgehend isolationistische Politik gegen\u00fcber Russland und China auf mittlere und lange Sicht ist. Denn wie wenig intelligent letztlich der Verzicht auf B\u00fcndnisse sein kann, hat der unselige Brexit Gro\u00dfbritanniens bereits jetzt bewiesen. Der Satz \u201eViel Feind viel Ehr\u201c war schon immer Bl\u00f6dsinn.<\/li>\n<\/ul>\n\n\n\n<blockquote class=\"wp-block-quote is-layout-flow wp-block-quote-is-layout-flow\">\n<p>Leider f\u00e4llt einem sp\u00e4testens jetzt immer wieder der Einstein zugeschriebene Satz ein:<strong> \u201czwei Dinge sind unendlich: das Weltall und die menschliche Dummheit \u2013 beim Weltall bin ich mir allerdings nicht so sicher!\u201c<\/strong>.<\/p>\n<\/blockquote>\n\n\n\n<p>Ihr<\/p>\n\n\n\n<p>Dr. Wolfgang Lipps<\/p>\n\n\n\n<p><\/p>\n","protected":false},"excerpt":{"rendered":"<p>Im November 2025 hat der ehrliche L\u00fcgner, Bullshit-Erfinder und Fake-News-Meister Donald Trump ein ernst gemeintes 33 Seiten langes Papier unterschrieben,<\/p>\n","protected":false},"author":1,"featured_media":699,"comment_status":"open","ping_status":"closed","sticky":true,"template":"","format":"standard","meta":{"colormag_page_container_layout":"default_layout","colormag_page_sidebar_layout":"default_layout","footnotes":""},"categories":[1],"tags":[],"class_list":["post-697","post","type-post","status-publish","format-standard","has-post-thumbnail","hentry","category-allgemein"],"_links":{"self":[{"href":"https:\/\/juni-consult.de\/index.php?rest_route=\/wp\/v2\/posts\/697","targetHints":{"allow":["GET"]}}],"collection":[{"href":"https:\/\/juni-consult.de\/index.php?rest_route=\/wp\/v2\/posts"}],"about":[{"href":"https:\/\/juni-consult.de\/index.php?rest_route=\/wp\/v2\/types\/post"}],"author":[{"embeddable":true,"href":"https:\/\/juni-consult.de\/index.php?rest_route=\/wp\/v2\/users\/1"}],"replies":[{"embeddable":true,"href":"https:\/\/juni-consult.de\/index.php?rest_route=%2Fwp%2Fv2%2Fcomments&post=697"}],"version-history":[{"count":4,"href":"https:\/\/juni-consult.de\/index.php?rest_route=\/wp\/v2\/posts\/697\/revisions"}],"predecessor-version":[{"id":704,"href":"https:\/\/juni-consult.de\/index.php?rest_route=\/wp\/v2\/posts\/697\/revisions\/704"}],"wp:featuredmedia":[{"embeddable":true,"href":"https:\/\/juni-consult.de\/index.php?rest_route=\/wp\/v2\/media\/699"}],"wp:attachment":[{"href":"https:\/\/juni-consult.de\/index.php?rest_route=%2Fwp%2Fv2%2Fmedia&parent=697"}],"wp:term":[{"taxonomy":"category","embeddable":true,"href":"https:\/\/juni-consult.de\/index.php?rest_route=%2Fwp%2Fv2%2Fcategories&post=697"},{"taxonomy":"post_tag","embeddable":true,"href":"https:\/\/juni-consult.de\/index.php?rest_route=%2Fwp%2Fv2%2Ftags&post=697"}],"curies":[{"name":"wp","href":"https:\/\/api.w.org\/{rel}","templated":true}]}}