{"id":685,"date":"2025-08-02T11:26:07","date_gmt":"2025-08-02T11:26:07","guid":{"rendered":"https:\/\/juni-consult.de\/?p=685"},"modified":"2025-08-02T11:30:18","modified_gmt":"2025-08-02T11:30:18","slug":"der-deutsche-wald-und-wir","status":"publish","type":"post","link":"https:\/\/juni-consult.de\/?p=685","title":{"rendered":"Der deutsche Wald und wir"},"content":{"rendered":"\n<p><\/p>\n\n\n\n<figure class=\"wp-block-image aligncenter size-large is-resized\"><img loading=\"lazy\" decoding=\"async\" width=\"722\" height=\"1024\" src=\"https:\/\/juni-consult.de\/wp-content\/uploads\/2025\/08\/Kuerzeste-Wald-722x1024.jpg\" alt=\"\" class=\"wp-image-686\" style=\"width:498px;height:auto\" srcset=\"https:\/\/juni-consult.de\/wp-content\/uploads\/2025\/08\/Kuerzeste-Wald-722x1024.jpg 722w, https:\/\/juni-consult.de\/wp-content\/uploads\/2025\/08\/Kuerzeste-Wald-211x300.jpg 211w, https:\/\/juni-consult.de\/wp-content\/uploads\/2025\/08\/Kuerzeste-Wald-768x1090.jpg 768w, https:\/\/juni-consult.de\/wp-content\/uploads\/2025\/08\/Kuerzeste-Wald-1083x1536.jpg 1083w, https:\/\/juni-consult.de\/wp-content\/uploads\/2025\/08\/Kuerzeste-Wald-1444x2048.jpg 1444w, https:\/\/juni-consult.de\/wp-content\/uploads\/2025\/08\/Kuerzeste-Wald.jpg 1748w\" sizes=\"auto, (max-width: 722px) 100vw, 722px\" \/><\/figure>\n\n\n\n<p><\/p>\n\n\n\n<p>Hier ist, nach \u201e<strong>Wolf und Mensch am Fr\u00fchst\u00fcckstisch<\/strong>\u201c und \u201e<strong>Die k\u00fcrzeste Geschichte der deutschen Jagd<\/strong>\u201c jetzt der dritte Band unserer B\u00fccher.<\/p>\n\n\n\n<p><strong>Hardcover<\/strong>&nbsp; &nbsp; &nbsp; &nbsp; &nbsp; &nbsp; &nbsp; &nbsp; &nbsp; &nbsp; ISBN 9783819248313&nbsp; &nbsp;\u2013&nbsp; &nbsp;<strong>\u20ac 21,00<\/strong><\/p>\n\n\n\n<p><strong>E-Book<\/strong>&nbsp;(z.B. Kindle)&nbsp; ISBN9783695128174&nbsp; &nbsp; \u2013&nbsp; &nbsp;&nbsp;<strong>\u20ac&nbsp; 9,99<\/strong><\/p>\n\n\n\n<p>Seit fast 400 Millionen Jahren gibt es \u201e<strong>Wald<\/strong>\u201c. Vor nicht ganz 7 Millionen Jahren hat sich der Urahn des Menschen aufgemacht, die Baumkronen zu verlassen, auf den Erdboden herabzusteigen und dann die offene Landschaft aufrecht gehend zu erobern. Vor ca. 1,7 Millionen Jahren hat er zu jagen begonnen und ist dabei auch, etwa auf der Jagd nach dem Waldelefanten, in den Wald zur\u00fcckgekehrt. Dieser hatte inzwischen f\u00fcnf schwere Erdkatastrophen, wenn auch mit starken Ver\u00e4nderungen, \u00fcberstanden. In der Folge war der Wald stets f\u00fcr den Menschen ein wichtiger, oft ein \u201e\u00fcberlebenswichtiger\u201c Ort, vor allem aber ein geheimnisvoller, ein mythischer, ein \u201ewunderbarer\u201c Ort.<\/p>\n\n\n\n<p>Heute ist der Wald, wenn auch gerade in Mitteleuropa stark vom Menschen gepr\u00e4gt, ein ganz wesentlicher und wichtiger und wunderbarer Teil unseres Lebensraumes. Er muss erhalten und gesch\u00fctzt werden, insbesondere gegen den Klimawandel, der ihm stark zusetzt. Das ist zuerst die Aufgabe der Forstwirtschaft, aber dann auch unser aller Anliegen.<\/p>\n\n\n\n<p>Die Geschichte und die Bedeutung des Waldes durch die Zeiten bis heute schildert dieses kleine Buch.<\/p>\n\n\n\n<p>Dr. Wolfgang Lipps<\/p>\n","protected":false},"excerpt":{"rendered":"<p>Hier ist, nach \u201eWolf und Mensch am Fr\u00fchst\u00fcckstisch\u201c und \u201eDie k\u00fcrzeste Geschichte der deutschen Jagd\u201c jetzt der dritte Band unserer<\/p>\n","protected":false},"author":1,"featured_media":689,"comment_status":"open","ping_status":"closed","sticky":true,"template":"","format":"standard","meta":{"colormag_page_container_layout":"default_layout","colormag_page_sidebar_layout":"default_layout","footnotes":""},"categories":[1],"tags":[],"class_list":["post-685","post","type-post","status-publish","format-standard","has-post-thumbnail","hentry","category-allgemein"],"_links":{"self":[{"href":"https:\/\/juni-consult.de\/index.php?rest_route=\/wp\/v2\/posts\/685","targetHints":{"allow":["GET"]}}],"collection":[{"href":"https:\/\/juni-consult.de\/index.php?rest_route=\/wp\/v2\/posts"}],"about":[{"href":"https:\/\/juni-consult.de\/index.php?rest_route=\/wp\/v2\/types\/post"}],"author":[{"embeddable":true,"href":"https:\/\/juni-consult.de\/index.php?rest_route=\/wp\/v2\/users\/1"}],"replies":[{"embeddable":true,"href":"https:\/\/juni-consult.de\/index.php?rest_route=%2Fwp%2Fv2%2Fcomments&post=685"}],"version-history":[{"count":2,"href":"https:\/\/juni-consult.de\/index.php?rest_route=\/wp\/v2\/posts\/685\/revisions"}],"predecessor-version":[{"id":688,"href":"https:\/\/juni-consult.de\/index.php?rest_route=\/wp\/v2\/posts\/685\/revisions\/688"}],"wp:featuredmedia":[{"embeddable":true,"href":"https:\/\/juni-consult.de\/index.php?rest_route=\/wp\/v2\/media\/689"}],"wp:attachment":[{"href":"https:\/\/juni-consult.de\/index.php?rest_route=%2Fwp%2Fv2%2Fmedia&parent=685"}],"wp:term":[{"taxonomy":"category","embeddable":true,"href":"https:\/\/juni-consult.de\/index.php?rest_route=%2Fwp%2Fv2%2Fcategories&post=685"},{"taxonomy":"post_tag","embeddable":true,"href":"https:\/\/juni-consult.de\/index.php?rest_route=%2Fwp%2Fv2%2Ftags&post=685"}],"curies":[{"name":"wp","href":"https:\/\/api.w.org\/{rel}","templated":true}]}}