{"id":639,"date":"2025-01-10T13:03:58","date_gmt":"2025-01-10T13:03:58","guid":{"rendered":"https:\/\/juni-consult.de\/?p=639"},"modified":"2025-01-11T08:31:11","modified_gmt":"2025-01-11T08:31:11","slug":"2025-das-jahr-der-bescheuerten","status":"publish","type":"post","link":"https:\/\/juni-consult.de\/?p=639","title":{"rendered":"2025 &#8211; das Jahr der Bescheuerten?"},"content":{"rendered":"\n<h2 class=\"wp-block-heading\"><strong>Na, das Jahr f\u00e4ngt ja gut an!<\/strong><\/h2>\n\n\n\n<figure class=\"wp-block-image aligncenter size-large is-resized\"><img loading=\"lazy\" decoding=\"async\" width=\"1024\" height=\"768\" src=\"https:\/\/juni-consult.de\/wp-content\/uploads\/2025\/01\/Blogpost-Trup-1-1024x768.jpg\" alt=\"\" class=\"wp-image-650\" style=\"width:341px;height:auto\" srcset=\"https:\/\/juni-consult.de\/wp-content\/uploads\/2025\/01\/Blogpost-Trup-1-1024x768.jpg 1024w, https:\/\/juni-consult.de\/wp-content\/uploads\/2025\/01\/Blogpost-Trup-1-300x225.jpg 300w, https:\/\/juni-consult.de\/wp-content\/uploads\/2025\/01\/Blogpost-Trup-1-768x576.jpg 768w, https:\/\/juni-consult.de\/wp-content\/uploads\/2025\/01\/Blogpost-Trup-1.jpg 1312w\" sizes=\"auto, (max-width: 1024px) 100vw, 1024px\" \/><\/figure>\n\n\n\n<p>Es ist mal gerade 7 Tage alt, da gibt <strong>Trump <\/strong>bei sich zuhause, 13 Tage vor seiner Amtseinf\u00fchrung, eine <strong><a href=\"https:\/\/www.youtube.com\/watch?v=37IAF9SLG1g\">Pressekonferenz<\/a><\/strong>.<\/p>\n\n\n\n<p>Wer wissen will, mit was f\u00fcr einem <strong>mehr als seltsamen Menschen <\/strong>wir es in den n\u00e4chsten 4 Jahren auf dem Stuhl des <strong>m\u00e4chtigsten Mannes der Erde<\/strong> zu tun haben werden, sollte sich unbedingt diesen Monolog anh\u00f6ren \u2013 ein <strong>Monolog<\/strong> vollgestopft mit <strong>Lobhudeleien<\/strong>, <strong>Selbstbeweihr\u00e4ucherung<\/strong>, <strong>Unwahrheiten<\/strong>, <strong>\u00dcbertreibungen<\/strong>, <strong>Beleidigungen<\/strong>, <strong>verworrenen<\/strong> Schilderungen und \u00e4u\u00dferst <strong>abstrusen Absichtserkl\u00e4rungen<\/strong>.<\/p>\n\n\n\n<p>Da Trump ein einigerma\u00dfen <strong>schlechtes<\/strong> weil simpel amerikanisches aber deutliches und langsames <strong>Englisch<\/strong> spricht, versteht man ihn auch mit <strong>Baerbock\u00b4schen Sprachkenntnissen <\/strong>ziemlich gut \u2013 man sollte also <strong>unbedingt zuh\u00f6ren<\/strong>.<\/p>\n\n\n\n<p>Aus dem Wust weitgehend <strong>t\u00f6richten Gelabers<\/strong> hier nur folgende <strong>Schwerpunkte<\/strong>:<\/p>\n\n\n\n<ul class=\"wp-block-list\">\n<li><strong>Kanada<\/strong> sollte der <strong>51. Bundesstaat der USA<\/strong> werden. Um das zu erreichen, &#8222;werde ich <strong>wirtschaftliche Machtmittel<\/strong> einsetzen&#8220;. Und dann hat er am folgenden Tag eine Landkarte herausgegeben, auf der Kanada schon zu den USA geh\u00f6rt. Wie <strong>plump<\/strong>, wie <strong>frech<\/strong>, wie <strong>bl\u00f6d<\/strong> kann so jemand wohl sein?<\/li>\n<\/ul>\n\n\n\n<ul class=\"wp-block-list\">\n<li>Der <strong>Panamakanal<\/strong> wurde unter Pr\u00e4sident Jimmy Carter f\u00fcr genau einen Dollar an Panama zur\u00fcckgegeben, wird jetzt aber von den <strong>Chinesen<\/strong> betrieben, und wir werden bei den Preisen <strong>\u00fcber den Tisch gezogen<\/strong>. &#8222;Ich werde die Herrschaft \u00fcber den Kanal zur\u00fcckholen und daf\u00fcr gegebenenfalls <strong>milit\u00e4rische Mittel<\/strong> einsetzen&#8220;.<\/li>\n<\/ul>\n\n\n\n<ul class=\"wp-block-list\">\n<li><strong>Gr\u00f6nland<\/strong> ist f\u00fcr die <strong>Sicherheit Amerikas unverzichtbar<\/strong> und hat bei D\u00e4nemark nichts verloren \u2013 &#8222;ich werde Gr\u00f6nland kaufen oder jedenfalls, zur Not mit <strong>milit\u00e4rischen Mitteln<\/strong>, zu den Vereinigten Staaten holen&#8220;.<\/li>\n<\/ul>\n\n\n\n<ul class=\"wp-block-list\">\n<li>Die Mitgliedsstaaten der <strong>NATO<\/strong> zahlen ihre Rechnungen nicht. Dann werden Sie von uns auch nicht gesch\u00fctzt. Sie sollten mindestens 2 % ihres Bruttosozialprodukts aufwenden, tats\u00e4chlich aber jedenfalls eher <strong>5 %.<\/strong><\/li>\n<\/ul>\n\n\n\n<ul class=\"wp-block-list\">\n<li>Wenn die <strong>Geiseln der Hamas<\/strong> nicht bis zu meiner <strong>Amtseinf\u00fchrung<\/strong> zur\u00fcckgegeben werden, wird etwas Furchtbares geschehen.<\/li>\n<\/ul>\n\n\n\n<p>Was, bitte sehr, soll man hiervon halten. In einer Zeit, in der <strong>Russland<\/strong> die <strong>Friedensordnung<\/strong> <strong>der Welt<\/strong> durch einen <strong>Aggressionskrieg<\/strong> zerst\u00f6rt, China die gewaltsame milit\u00e4rische <strong>Annexion von Taiwan ank\u00fcndigt<\/strong>, und Terrororganisationen und mit diesen verb\u00fcndete Staaten wie <strong>Iran<\/strong> <strong>andere L\u00e4nder angreifen<\/strong>, denkt der designierte amerikanische Pr\u00e4sident allen Ernstes dar\u00fcber nach, den <strong>Panamakanal<\/strong> und <strong>Gr\u00f6nland<\/strong> mit <strong>milit\u00e4rischen Mitteln zu annektieren<\/strong>.<\/p>\n\n\n\n<h2 class=\"wp-block-heading\"><strong>Putin wird das prima finden<\/strong>,<\/h2>\n\n\n\n<h3 class=\"wp-block-heading\"><strong>Netanjahu<\/strong> \u2013 s. Westbank &#8211; vielleicht auch<\/h3>\n\n\n\n<h3 class=\"wp-block-heading\">\u2013 <strong>Selenski<\/strong> eher nicht.<\/h3>\n\n\n\n<h4 class=\"wp-block-heading\"><strong>Aber man kann\u00b4s halt nicht jedem recht machen<\/strong>.<\/h4>\n\n\n\n<p>Das ist jedoch <strong>nicht mehr nur haneb\u00fcchener Unsinn<\/strong>, sondern die Ank\u00fcndigung von <strong>Straftaten<\/strong>. Nach gegenw\u00e4rtigem amerikanischem Recht, just vom Obersten Gerichtshof <a href=\"https:\/\/juni-consult.de\/?p=599\">erfunden<\/a>, w\u00e4re das <strong>rechtm\u00e4\u00dfig<\/strong> \u2013 nach dem Recht aller zivilisierten Staaten der Welt <strong>nat\u00fcrlich nicht<\/strong>!<\/p>\n\n\n\n<h2 class=\"wp-block-heading\"><strong>Einladung zur Kumpanei.<\/strong><\/h2>\n\n\n\n<p>Wie ein Magnet Eisensp\u00e4ne so ziehen <strong>die Gro\u00dfen dieser Welt<\/strong>, auch die M\u00f6chtegerngro\u00dfen, <strong>Vasallen<\/strong>, <strong>Hofschranzen<\/strong> und <strong>Schleimer<\/strong> an \u2013 so auch <strong>Herr Trump<\/strong>. Ein besonders Erfolgreicher ist <strong>Elon Musk<\/strong>, der sich \u2013 was ja nicht schwer ist \u2013 mit ca. 280 Mio Dollar und besonders auff\u00e4lligem Getue bei Trump <strong>eingeschleimt<\/strong> hat. Jetzt haut er derma\u00dfen auf den Pudding, dass er schon f\u00fcr den Regenten gehalten wird \u2013 die USA haben damit jetzt eine <strong>Mump-Regierung<\/strong>.<\/p>\n\n\n\n<h3 class=\"wp-block-heading\"><strong>Mump = Musk + Trump.<\/strong><\/h3>\n\n\n\n<p>Mal sehen, wie lange Trump sich das <strong>aufgeblasene Gehopse und Gehabe von Musk<\/strong> gefallen l\u00e4sst, &#8211; der tiefe Zwist ist vorprogrammiert.<\/p>\n\n\n\n<p>Interessanter Weise ist <strong>Musk<\/strong> der Repr\u00e4sentant <strong>rechter, was sage ich, rechtsextremer Gesinnung<\/strong>. Deshalb lobt er die <strong>AfD<\/strong> und einen inhaftierten <strong>englischen Rechten<\/strong>, den er jetzt gegen <strong>Nigel Farage<\/strong>, einen der Brexit-V\u00e4ter, ins Spiel bringt. <strong>X, vormals Twitter<\/strong>, die Hauspostille von Musk und damit alles andere als ein \u201esoziales\u201c Netzwerk, verkommt langsam aber sicher zum <strong>Instrument von rechter Gesinnung<\/strong>, <strong>Hatespeech<\/strong> und <strong>externer Manipulation<\/strong> (z. B. <strong>russischer Trolle<\/strong>!) \u2013 eine inzwischen <strong>toxische<\/strong> <strong>Einrichtung<\/strong>.<\/p>\n\n\n\n<h3 class=\"wp-block-heading\">Aber <strong>die Schleimer sind Legion<\/strong> \u2013 aus ihrer F\u00fclle erw\u00e4hnen wir heute mal nur:<\/h3>\n\n\n\n<h2 class=\"wp-block-heading\"><strong>Jeff Bezos<\/strong><\/h2>\n\n\n\n<figure class=\"wp-block-image alignleft size-large is-resized\"><img loading=\"lazy\" decoding=\"async\" width=\"884\" height=\"1024\" src=\"https:\/\/juni-consult.de\/wp-content\/uploads\/2025\/01\/Telnaes-karikatur-884x1024.webp\" alt=\"\" class=\"wp-image-652\" style=\"width:189px;height:auto\" srcset=\"https:\/\/juni-consult.de\/wp-content\/uploads\/2025\/01\/Telnaes-karikatur-884x1024.webp 884w, https:\/\/juni-consult.de\/wp-content\/uploads\/2025\/01\/Telnaes-karikatur-259x300.webp 259w, https:\/\/juni-consult.de\/wp-content\/uploads\/2025\/01\/Telnaes-karikatur-768x889.webp 768w, https:\/\/juni-consult.de\/wp-content\/uploads\/2025\/01\/Telnaes-karikatur.webp 1240w\" sizes=\"auto, (max-width: 884px) 100vw, 884px\" \/><\/figure>\n\n\n\n<p>Die renommierte Karikaturistin <strong>Ann Telnaes<\/strong> hat nach \u00fcber 16 Jahren ihren Job bei der&nbsp;<a href=\"https:\/\/www.20min.ch\/story\/tech-vs-maga-haesslicher-streit-auf-x-trump-anhaenger-geraten-aneinander-103247364\"><strong>\u00abWashington Post\u00bb<\/strong><\/a>&nbsp;an den Nagel geh\u00e4ngt. Ausl\u00f6ser daf\u00fcr war ein Streit mit dem Meinungsressort der Zeitung, das einen Entwurf abgelehnt hatte, auf dem unter anderem der Meta-CEO <strong>Mark Zuckerberg<\/strong> und Amazon-Gr\u00fcnder \u2013 und heutiger Eigent\u00fcmer der \u00abWashington Post\u00bb \u2013&nbsp;<a href=\"https:\/\/www.20min.ch\/story\/mackenzie-scott-ex-frau-von-jeff-bezos-spendete-2024-18-milliarden-franken-103243139\"><strong>Jeff Bezos<\/strong><\/a>&nbsp;mit prall gef\u00fcllten Gelds\u00e4cken vor einer Statue des k\u00fcnftigen US-Pr\u00e4sidenten <strong>Donald Trump<\/strong> auf die Knie gehen. Der US-amerikanische Unternehmer und Investor Jeff Bezos hat 2013 die Washington Post f\u00fcr 250 Millionen US-Dollar erworben. Jetzt <strong>schleimt<\/strong> er sich bei Trump ein!<\/p>\n\n\n\n<p><em>s. Karikatur.<\/em><\/p>\n\n\n\n<p><\/p>\n\n\n\n<h2 class=\"wp-block-heading\"><strong>Mathias D\u00f6pfner<\/strong><\/h2>\n\n\n\n<figure class=\"wp-block-image aligncenter size-large is-resized\"><img loading=\"lazy\" decoding=\"async\" width=\"1024\" height=\"768\" src=\"https:\/\/juni-consult.de\/wp-content\/uploads\/2025\/01\/Blogpost-Doepfner-1024x768.jpg\" alt=\"\" class=\"wp-image-643\" style=\"width:231px;height:auto\" srcset=\"https:\/\/juni-consult.de\/wp-content\/uploads\/2025\/01\/Blogpost-Doepfner-1024x768.jpg 1024w, https:\/\/juni-consult.de\/wp-content\/uploads\/2025\/01\/Blogpost-Doepfner-300x225.jpg 300w, https:\/\/juni-consult.de\/wp-content\/uploads\/2025\/01\/Blogpost-Doepfner-768x576.jpg 768w, https:\/\/juni-consult.de\/wp-content\/uploads\/2025\/01\/Blogpost-Doepfner.jpg 1312w\" sizes=\"auto, (max-width: 1024px) 100vw, 1024px\" \/><\/figure>\n\n\n\n<p>Kurz vor Weihnachten sorgte ein <strong>Post von Elon Musk auf seiner Plattform X<\/strong> f\u00fcr eine Kontroverse. Demnach k\u00f6nne nur die <strong>AfD<\/strong> den Abstieg Deutschlands verhindern. Das wiederholt er in einem <a href=\"https:\/\/www.welt.de\/debatte\/kommentare\/plus254982012\/Warum-Elon-Musk-auf-die-AfD-setzt-und-warum-er-dabei-irrt.html\">Gastbeitrag <\/a>in der \u201eWelt am Sonntag\u201c (WamS).<\/p>\n\n\n\n<p>Chefredakteur Ulf Poschardt und sein designierter Nachfolger Jan Philipp Burgard halten dagegen und sehen in dem Beitrag ein St\u00fcck <a href=\"https:\/\/www.tagesschau.de\/inland\/gesellschaft\/kritik-spd-gastbeitrag-musk-wams-100.html\">Meinungsfreiheit<\/a>\u2013 was ein merkw\u00fcrdiges Verst\u00e4ndnis dieses <strong>Grundrechts<\/strong> bei den beiden deutlich macht, wenn es dazu dienen soll, eine <strong>krude Einmischung in eine Bundestagswahl<\/strong> zu verschleiern. Denn mit <strong>Meinungsfreiheit<\/strong>, die selbstredend auch Herrn Musk zusteht, hat das <strong>nix zu tun<\/strong>, sondern mit Stil und Auftrag des Publikationsorgans WELT. Und in diesem Fall auch mit Erh\u00f6hung der Auflage, nat\u00fcrlich.<\/p>\n\n\n\n<p>Seit Elon Musk in der \u00bbWELT\u00ab f\u00fcr die AfD warb, ist der Springer-Verlag in Aufruhr. Doch die Verbindung zwischen Konzernchef <strong>Mathias D\u00f6pfner<\/strong> und dem US-Techmilliard\u00e4r ist eng \u2013 und bezeugt <a href=\"https:\/\/www.spiegel.de\/wirtschaft\/elon-musk-und-mathias-doepfner-die-verbindung-hinter-dem-afd-beitrag-in-der-welt-a-87e73e0f-d8f8-48e6-aa0f-d3e4f0cbbabe\">D\u00f6pfners <\/a>Streben nach internationaler Medienmacht. Auch ein <strong>Schleimer<\/strong>, eben!<\/p>\n\n\n\n<p><\/p>\n\n\n\n<h2 class=\"wp-block-heading\"><strong>Mark Zuckerberg<\/strong><\/h2>\n\n\n\n<figure class=\"wp-block-image aligncenter size-full is-resized\"><img loading=\"lazy\" decoding=\"async\" width=\"738\" height=\"984\" src=\"https:\/\/juni-consult.de\/wp-content\/uploads\/2025\/01\/Blogpost-Zuckerberg.jpg\" alt=\"\" class=\"wp-image-644\" style=\"width:193px;height:auto\" srcset=\"https:\/\/juni-consult.de\/wp-content\/uploads\/2025\/01\/Blogpost-Zuckerberg.jpg 738w, https:\/\/juni-consult.de\/wp-content\/uploads\/2025\/01\/Blogpost-Zuckerberg-225x300.jpg 225w\" sizes=\"auto, (max-width: 738px) 100vw, 738px\" \/><\/figure>\n\n\n\n<p>Der Eigent\u00fcmer von Facebook und Instagram \u201e<strong><em>macht den Musk<\/em><\/strong><em>:&nbsp;<strong>Facebook<\/strong> und <strong>Instagram<\/strong> gehen in den USA auf Trump-Linie<\/em>\u201c. In seiner Holding <strong>Meta<\/strong> kritisiert er seine eigene bisherige Moderationspolitik als \u201eZensur\u201c und will \u201e<em>die Meinungsfreiheit wiederherstellen<\/em>\u201c. Damit d\u00fcrften Zuckerbergs Facebook und Instagram Musks X \u00e4hnlicher werden. Auch er wei\u00df erkennbar nicht, was \u201e<a href=\"https:\/\/www.tagesspiegel.de\/internationales\/zuckerberg-macht-den-musk-facebook-und-instagram-gehen-in-den-usa-auf-trump-linie-12976555.html\">Meinungsfreiheit<\/a>\u201c wirklich ist.<\/p>\n\n\n\n<p>Und so <strong>schleimt<\/strong> er sich auch bei der \u201eMump-Regierung\u201c ein, und zwar ganz ausdr\u00fccklich \u2013 wir schreiben deshalb seinen Namen von jetzt an so: \u201e<strong><em>Mark <a href=\"https:\/\/de.pons.com\/%C3%BCbersetzung\/englisch-deutsch\/sucker\">Suckerberg<\/a><\/em><\/strong>\u201c.<\/p>\n\n\n\n<p><\/p>\n\n\n\n<h2 class=\"wp-block-heading\"><strong>Alice Weidel<\/strong><\/h2>\n\n\n\n<figure class=\"wp-block-image aligncenter size-large is-resized\"><img loading=\"lazy\" decoding=\"async\" width=\"1024\" height=\"768\" src=\"https:\/\/juni-consult.de\/wp-content\/uploads\/2025\/01\/Blogpost-Weidel-1024x768.jpg\" alt=\"\" class=\"wp-image-645\" style=\"width:279px;height:auto\" srcset=\"https:\/\/juni-consult.de\/wp-content\/uploads\/2025\/01\/Blogpost-Weidel-1024x768.jpg 1024w, https:\/\/juni-consult.de\/wp-content\/uploads\/2025\/01\/Blogpost-Weidel-300x225.jpg 300w, https:\/\/juni-consult.de\/wp-content\/uploads\/2025\/01\/Blogpost-Weidel-768x576.jpg 768w, https:\/\/juni-consult.de\/wp-content\/uploads\/2025\/01\/Blogpost-Weidel.jpg 1312w\" sizes=\"auto, (max-width: 1024px) 100vw, 1024px\" \/><\/figure>\n\n\n\n<p>Dass die <strong>AfD <\/strong>sich \u00fcber die <strong>Wahlhilfe <\/strong>freut, die Musk mit seinen t\u00f6richten Spr\u00fcchen \u00fcber ihr aussch\u00fcttet, ist verst\u00e4ndlich. Am 9. Januar f\u00fchrten Alice <strong>Weidel <\/strong>und Elon <strong>Musk<\/strong> ein Telefonat von 75 Minuten, in dessen Verlauf Weidel Gelegenheit nahm, sich bei Trump <strong>einzuschleimen<\/strong>, mit dem Hinweis, dass alle deutschen Politiker sich w\u00e4hrend seines Wahlkampfs \u00fcberwiegend negativ \u00fcber Trump ge\u00e4u\u00dfert h\u00e4tten. W\u00e4hrend man aber gut beraten ist, Herrn Trump sehr genau zuzuh\u00f6ren, ist Zuh\u00f6ren bei diesem Telefonat eine <strong>reine Zeitverschwendung <\/strong>\u2013 es sei denn, man m\u00f6chte mal das Muster eines durchweg dummen Diskurses erleben. Weidel, in holperigem und stockendem Englisch mit kr\u00e4ftigem deutschem Akzent, stellte unwidersprochen zahlreiche falsche Behauptungen \u00fcber unser Land auf, und Musk brummelte unkritische Zustimmung. Eine von Weidels steilsten Thesen war dabei die Behauptung, <strong>Hitler <\/strong>sei nat\u00fcrlich kein Nazi gewesen, sondern <strong>Kommunist<\/strong>. <\/p>\n\n\n\n<p><strong>Bl\u00f6der geht\u00b4s kaum!<\/strong><\/p>\n\n\n\n<h2 class=\"wp-block-heading\"><strong>Was bedeutet das alles?<\/strong><\/h2>\n\n\n\n<h3 class=\"wp-block-heading\">So traurig es auch ist: die Welt hat noch immer <strong>\u201eden Schuss nicht geh\u00f6rt<\/strong>\u201c!<\/h3>\n\n\n\n<p>Man liest und h\u00f6rt allerorten, die \u00c4u\u00dferungen von <strong>Trump <\/strong>seien wirr, er sei eben ein \u201e<strong>Dealmaker<\/strong>\u201c, der immer am Anfang <strong>Maximalforderungen <\/strong>auf den Tisch knalle, aber dann mal gucken w\u00fcrde, was man daraus machen kann. Zudem sei er <strong>unberechenbar<\/strong>. <strong>Musk <\/strong>sei halt auch ein <strong>Gesch\u00e4ftemacher<\/strong>, und die Gestalten um beide herum seien etwas <strong>skurril<\/strong>. <\/p>\n\n\n\n<p><a href=\"https:\/\/www.deutschelyrik.de\/und-so-kommt-zum-guten-ende.html\">Aber <\/a>\u201e<em><strong>man sieht nur die im Lichte, die im Dunkeln sieht man nicht<\/strong><\/em>\u201c, wie z. B. <strong>Peter Thiel<\/strong> und andere.<\/p>\n\n\n\n<h2 class=\"wp-block-heading\"><strong>T\u00e4uschen wir uns mal nicht:<\/strong><\/h2>\n\n\n\n<p><strong>Trump <\/strong>ist ein schon <strong>psychopathischer Egoist<\/strong>, dem die <strong>internationale Rechtsordnung<\/strong> v\u00f6llig <strong>wurscht <\/strong>ist \u2013 deshalb sind Appelle mit dem <strong>V\u00f6lkerrecht<\/strong>, wie der von <strong>Olaf Scholz<\/strong>, nett und richtig aber <strong>wenig zielf\u00fchrend<\/strong>. Trump will (<strong>wie Putin und Xi Jinping!<\/strong>) die <strong>Weltordnung <\/strong>ver\u00e4ndern &#8211; \u201e<strong>MAGA<\/strong>\u201c (make America great again) eben -, und nimmt dabei auch die Ver\u00e4nderung der <strong>Weltfriedensordnung <\/strong>billigend in Kauf.<\/p>\n\n\n\n<p>Sein vordergr\u00fcndig wirres Pressestatement vom 7. Januar in Mar a Lago <strong>sagt in Wahrheit Folgendes<\/strong>:<\/p>\n\n\n\n<blockquote class=\"wp-block-quote is-layout-flow wp-block-quote-is-layout-flow\">\n<p>Putin, ich verstehe Deinen Angriff auf die Ukraine.<\/p>\n\n\n\n<p>Xi-Jinping, ich verstehe das Problem Taiwan.<\/p>\n\n\n\n<p>Freunde, versteht mich auch: ich brauche Gr\u00f6nland und einen amerikanisch dominierten Panama-Kanal,<\/p>\n\n\n\n<p>und Kanada k\u00e4me mir recht,<\/p>\n\n\n\n<p>und der Golf von Mexiko auch.<\/p>\n\n\n\n<p>Jeder von uns soll sein Ding machen,<\/p>\n<\/blockquote>\n\n\n\n<blockquote class=\"wp-block-quote is-layout-flow wp-block-quote-is-layout-flow\">\n<p>vor allem ich.<\/p>\n<\/blockquote>\n\n\n\n<h2 class=\"wp-block-heading\"><strong>Lasst uns die Welt ver\u00e4ndern!<\/strong><\/h2>\n\n\n\n<p>Dagegen hilft kein <strong>Lamentieren <\/strong>und keine <strong>Appeasement<\/strong>-Politik, und nur wenig hilft das <strong>V\u00f6lkerrecht<\/strong>, und <strong>Einschleimen <\/strong>hilft erst recht nicht.<\/p>\n\n\n\n<h2 class=\"wp-block-heading\"><strong>Uns hilft allein ein starkes Vereintes Europa!<\/strong><\/h2>\n\n\n\n<p>(Schon deshalb kann man <strong>die AfD nicht w\u00e4hlen<\/strong>).<\/p>\n\n\n\n<p>Dipl. Ing. Karlheinz Lipps 1944: \u201c<em>Wir leben in einer gro\u00dfen Zeit. Schei\u00dfe &#8211; ausgerechnet wir!<\/em>\u201c<\/p>\n\n\n\n<p>Ihr Dr. Wolfgang Lipps<\/p>\n\n\n\n<p><\/p>\n","protected":false},"excerpt":{"rendered":"<p>Na, das Jahr f\u00e4ngt ja gut an! Es ist mal gerade 7 Tage alt, da gibt Trump bei sich zuhause,<\/p>\n","protected":false},"author":1,"featured_media":641,"comment_status":"open","ping_status":"closed","sticky":true,"template":"","format":"standard","meta":{"colormag_page_container_layout":"default_layout","colormag_page_sidebar_layout":"default_layout","footnotes":""},"categories":[1],"tags":[72,73,71,65,74],"class_list":["post-639","post","type-post","status-publish","format-standard","has-post-thumbnail","hentry","category-allgemein","tag-bezos","tag-doeofner","tag-musk","tag-trump","tag-weidel"],"_links":{"self":[{"href":"https:\/\/juni-consult.de\/index.php?rest_route=\/wp\/v2\/posts\/639","targetHints":{"allow":["GET"]}}],"collection":[{"href":"https:\/\/juni-consult.de\/index.php?rest_route=\/wp\/v2\/posts"}],"about":[{"href":"https:\/\/juni-consult.de\/index.php?rest_route=\/wp\/v2\/types\/post"}],"author":[{"embeddable":true,"href":"https:\/\/juni-consult.de\/index.php?rest_route=\/wp\/v2\/users\/1"}],"replies":[{"embeddable":true,"href":"https:\/\/juni-consult.de\/index.php?rest_route=%2Fwp%2Fv2%2Fcomments&post=639"}],"version-history":[{"count":15,"href":"https:\/\/juni-consult.de\/index.php?rest_route=\/wp\/v2\/posts\/639\/revisions"}],"predecessor-version":[{"id":666,"href":"https:\/\/juni-consult.de\/index.php?rest_route=\/wp\/v2\/posts\/639\/revisions\/666"}],"wp:featuredmedia":[{"embeddable":true,"href":"https:\/\/juni-consult.de\/index.php?rest_route=\/wp\/v2\/media\/641"}],"wp:attachment":[{"href":"https:\/\/juni-consult.de\/index.php?rest_route=%2Fwp%2Fv2%2Fmedia&parent=639"}],"wp:term":[{"taxonomy":"category","embeddable":true,"href":"https:\/\/juni-consult.de\/index.php?rest_route=%2Fwp%2Fv2%2Fcategories&post=639"},{"taxonomy":"post_tag","embeddable":true,"href":"https:\/\/juni-consult.de\/index.php?rest_route=%2Fwp%2Fv2%2Ftags&post=639"}],"curies":[{"name":"wp","href":"https:\/\/api.w.org\/{rel}","templated":true}]}}