{"id":613,"date":"2024-09-13T12:37:23","date_gmt":"2024-09-13T12:37:23","guid":{"rendered":"https:\/\/juni-consult.de\/?p=613"},"modified":"2024-09-13T13:40:23","modified_gmt":"2024-09-13T13:40:23","slug":"olaf-scholz-und-der-kamala-effekt","status":"publish","type":"post","link":"https:\/\/juni-consult.de\/?p=613","title":{"rendered":"Olaf Scholz und der Kamala-Effekt"},"content":{"rendered":"\n<p>Die <strong>\u00f6ffentliche Meinung<\/strong> \u00fcber unseren <strong>Bundeskanzler <\/strong>ist <strong>miserabel<\/strong>. 77% der Befragten f\u00fcr das ZDF-Politbarometer vom 8. Sept. 2024 bescheinigen ihm <strong>F\u00fchrungsschw\u00e4che<\/strong>, nur 17 % halten ihn f\u00fcr f\u00fchrungsstark \u2013 allen voran Frau Esken, die ihn allerdings beim Rennen um den Parteivorsitz locker geschlagen hat, und deren Geschwafel die brandenburgische Justizministerin f\u00fcr sch\u00e4dlich f\u00fcr die SPD h\u00e4lt.<\/p>\n\n\n\n<p><strong>So schlimm<\/strong> steht\u00b4s um ihn und die SPD, die denn auch in <strong>Sachsen <\/strong>und <strong>Th\u00fcringen <\/strong>Angst haben musste, an der 5%-H\u00fcrde zu scheitern.<\/p>\n\n\n\n<p>Da nimmt es dann nicht wunder, dass zunehmend geraunt wird, Olaf k\u00f6nnte einen <strong>Kamala-Effekt<\/strong> erleben m\u00fcssen.<\/p>\n\n\n\n<h2 class=\"wp-block-heading\"><strong>Der Kamala-Effekt<\/strong><\/h2>\n\n\n\n<p><strong>Kamala Harris<\/strong> ist die <strong>Vizepr\u00e4sidentin <\/strong>der <strong>Vereinigten Staaten von Amerika<\/strong>. Als solche stand sie stets im Schatten des Pr\u00e4sidenten <strong>Joe Biden<\/strong> und konnte nicht Profil gewinnen. Biden zeigte aber in den vergangenen Monaten in seinem Auftreten insbesondere als <strong>Pr\u00e4sidentschaftskandidat <\/strong>f\u00fcr die im November anstehenden Wahlen zum n\u00e4chsten Pr\u00e4sidenten der USA zunehmend <strong>Senilit\u00e4tserscheinungen<\/strong>, die in einem katastrophalen, von geistigen Aussetzern gepr\u00e4gten Auftreten bei einem <strong>Fernsehduell mit Donald Trump<\/strong> einen traurigen H\u00f6hepunkt erlebten.<\/p>\n\n\n\n<p>In diesem dramatischen Moment gelang der US-Politik die <strong>Auswechselung des Pr\u00e4sidentschaftskandidaten Biden<\/strong>. Er r\u00e4umte seinen Platz f\u00fcr <strong>Kamala Harris<\/strong>, und die zeigte aus dem Stand \u201ebella figura\u201c. Die demokratische Partei, die auf verlorenem Posten gegen Trump schien, ist \u201eback in the race\u201c!<\/p>\n\n\n\n<h2 class=\"wp-block-heading\"><strong>Und Olaf?<\/strong><\/h2>\n\n\n\n<p>Nun ist unser <strong>Kanzler weder krank noch senil<\/strong>. Er <strong>beantwortet <\/strong>zwar <strong>nie eine Frage<\/strong>, und er erz\u00e4hlt v\u00f6llig <strong>unrealistische Geschichten<\/strong>, und er <strong>h\u00e4lt sich f\u00fcr den Gr\u00f6\u00dften<\/strong> \u2013 aber das ist nur <strong>Selbst\u00fcbersch\u00e4tzung <\/strong>und <strong>falsch verstandene PR<\/strong>. <strong>Peinlich<\/strong>, aber per se kein gesundheitliches Manko, wenn auch ein politisches.<\/p>\n\n\n\n<p>Au\u00dferdem gibt es bei uns keine so starken Pers\u00f6nlichkeiten innerhalb oder au\u00dferhalb der SPD, die ihn zum Verzicht auf die Kandidatur n\u00f6tigen k\u00f6nnten. In den USA sind das z. B. <strong>Barak Obama <\/strong>oder <strong>Nancy Pelosi <\/strong>bei den Demokraten, oder einige <strong>Million\u00e4re <\/strong>und <strong>Milliard\u00e4re <\/strong>unter den <strong>Parteifinanzierern<\/strong>. Gerade letztere gibt\u2019s hier schon systembedingt nicht.<\/p>\n\n\n\n<p>Deshalb k\u00f6nnte zwar die <strong>Ampel <\/strong>noch vor Neuwahlen <strong>scheitern<\/strong>, z. B. wenn die <strong>FDP <\/strong>sich entschlie\u00dfen sollte, aus <strong>Angst vor dem Tod Selbstmord zu begehen<\/strong>.<\/p>\n\n\n\n<p>Aber einen <strong>Kamala-Effekt wird es hier nicht geben<\/strong>.<\/p>\n\n\n\n<h2 class=\"wp-block-heading\"><strong>Kandidaten-Wechsel?<\/strong><\/h2>\n\n\n\n<p>Wenn allerdings auch die <strong>Wahl in Brandenburg<\/strong> f\u00fcr die SPD \u201ein die Hose geht\u201c, oder wenn die SPD richtigerweise einsieht, dass Brandenburg ausschlie\u00dflich die Leistung und die Beliebtheit von <strong>Ministerpr\u00e4sident Woidke<\/strong> honoriert \u2013 trotz und nicht wegen Scholz \u2013 dann k\u00f6nnten sich die Stimmen mehren, die mit einem anderen Kandidaten in die Wahl 2025 gehen wollen. Die Frage nach der Kanzlerkandidatur ist &#8222;noch nicht beantwortet&#8220;, sagt der ehemalige SPD-Chef <strong>Franz M\u00fcntefering<\/strong>.<\/p>\n\n\n\n<p>Da wird in erster Linie <strong>Boris Pistorius<\/strong> genannt.<\/p>\n\n\n\n<h2 class=\"wp-block-heading\">Aber das, meinen wir, w\u00e4re ein <strong>Fehler<\/strong>.<\/h2>\n\n\n\n<p>Tats\u00e4chlich ist der Verteidigungsminister gegenw\u00e4rtig noch der beliebteste SPD-Politiker. Am 18.1.2024 schrieb die Neue Z\u00fcricher Zeitung: <\/p>\n\n\n\n<blockquote class=\"wp-block-quote is-layout-flow wp-block-quote-is-layout-flow\">\n<p>\u201e<em>Vor kurzem ergab eine Insa-Umfrage, dass ihn sich zwei Drittel der Deutschen als Bundeskanzler w\u00fcnschten<\/em>\u201c.&nbsp;<\/p>\n<\/blockquote>\n\n\n\n<p>Er ist auch \u2013 was nach seiner Vorg\u00e4ngerin mehr als leicht war! \u2013 als \u201ebr\u00fcllender L\u00f6we\u201c gestartet. Aber schon im April schrieb dieselbe Zeitung:<\/p>\n\n\n\n<blockquote class=\"wp-block-quote is-layout-flow wp-block-quote-is-layout-flow\">\n<p>\u201c<em>Verteidigungsminister Boris Pistorius will die Streitkr\u00e4fte der Bundesrepublik neu strukturieren. Sein Plan geht hier und da in die richtige Richtung, greift aber viel zu kurz. Schlussfolgerungen aus dem Kampfgeschehen in der Ukraine sucht man vergebens<\/em>.\u201c<\/p>\n<\/blockquote>\n\n\n\n<p>Tats\u00e4chlich ist dieser <strong>br\u00fcllende L\u00f6we<\/strong>, jetzt dem flach geworfenen Stein \u00fcber ruhigem Wasser gleich, mehrmals <strong>als Bettvorleger gelandet<\/strong> &#8211; zuletzt in dem <strong>peinlichen <\/strong>und wahrscheinlich <strong>verfassungswidrigen Haushaltsentwurf <\/strong>f\u00fcr 2025. Obwohl es gerade Pistorius war (und ist), der in seltener Klarheit die richtigen Schl\u00fcsse aus dem <strong>Angriffskrieg Russlands gegen die Ukraine <\/strong>zieht, nimmt er es weitgehend klaglos und jedenfalls ohne jede Konsequenz hin, dass die <strong>Bundeswehr <\/strong>weiter <strong>am ausgestreckten Arm verhungert<\/strong>. Eigentlich h\u00e4tte er zumindest mit <strong>R\u00fccktritt <\/strong>drohen m\u00fcssen! Denn mit diesen Mitteln und dieser Politik wird die Bundeswehr nicht einmal <strong>verteidigungsf\u00e4hig<\/strong>, geschweige denn <strong>kriegst\u00fcchtig<\/strong>.<\/p>\n\n\n\n<p>Das wird der <strong>ungeheuren Bedrohung des gesamten Westens durch Putin <\/strong>keineswegs gerecht!<\/p>\n\n\n\n<h2 class=\"wp-block-heading\"><strong>Zwei b\u00f6se Fragen<\/strong><\/h2>\n\n\n\n<p>Kann es sein, dass die <strong>Ampelregierung <\/strong>sich von dem <strong>unreflektierten Friedenswillen gro\u00dfer Teile der Bev\u00f6lkerung<\/strong> und der nahezu schon <strong>landesverr\u00e4terisch Putin-nahen Polemik<\/strong> von <strong>AfD <\/strong>und <strong>Wagenknecht<\/strong> dazu verleiten l\u00e4sst, die \u00e4u\u00dfere Sicherheit unseres Landes zu <strong>vernachl\u00e4ssigen<\/strong>?<\/p>\n\n\n\n<p>Und kann es sein, dass Herrn <strong>Pistorius <\/strong>eine von der <strong>Volksbegeisterung <\/strong>getragene <strong>pers\u00f6nliche Karriere<\/strong> in der Regierung <strong>wichtiger <\/strong>ist als die <strong>Sicherheit <\/strong>und damit letztlich die <strong>Bewahrung von Frieden und Freiheit <\/strong>in unserem Land?<\/p>\n\n\n\n<h2 class=\"wp-block-heading\"><strong>Man wird doch wohl noch fragen d\u00fcrfen?<\/strong><\/h2>\n\n\n\n<p>Ihr<\/p>\n\n\n\n<p>Dr. Wolfgang Lipps<\/p>\n","protected":false},"excerpt":{"rendered":"<p>Die \u00f6ffentliche Meinung \u00fcber unseren Bundeskanzler ist miserabel. 77% der Befragten f\u00fcr das ZDF-Politbarometer vom 8. Sept. 2024 bescheinigen ihm<\/p>\n","protected":false},"author":1,"featured_media":618,"comment_status":"open","ping_status":"closed","sticky":true,"template":"","format":"standard","meta":{"colormag_page_container_layout":"default_layout","colormag_page_sidebar_layout":"default_layout","footnotes":""},"categories":[1],"tags":[70,68,69,67],"class_list":["post-613","post","type-post","status-publish","format-standard","has-post-thumbnail","hentry","category-allgemein","tag-kamala-harris","tag-pistorius","tag-putin","tag-scholz"],"_links":{"self":[{"href":"https:\/\/juni-consult.de\/index.php?rest_route=\/wp\/v2\/posts\/613","targetHints":{"allow":["GET"]}}],"collection":[{"href":"https:\/\/juni-consult.de\/index.php?rest_route=\/wp\/v2\/posts"}],"about":[{"href":"https:\/\/juni-consult.de\/index.php?rest_route=\/wp\/v2\/types\/post"}],"author":[{"embeddable":true,"href":"https:\/\/juni-consult.de\/index.php?rest_route=\/wp\/v2\/users\/1"}],"replies":[{"embeddable":true,"href":"https:\/\/juni-consult.de\/index.php?rest_route=%2Fwp%2Fv2%2Fcomments&post=613"}],"version-history":[{"count":3,"href":"https:\/\/juni-consult.de\/index.php?rest_route=\/wp\/v2\/posts\/613\/revisions"}],"predecessor-version":[{"id":620,"href":"https:\/\/juni-consult.de\/index.php?rest_route=\/wp\/v2\/posts\/613\/revisions\/620"}],"wp:featuredmedia":[{"embeddable":true,"href":"https:\/\/juni-consult.de\/index.php?rest_route=\/wp\/v2\/media\/618"}],"wp:attachment":[{"href":"https:\/\/juni-consult.de\/index.php?rest_route=%2Fwp%2Fv2%2Fmedia&parent=613"}],"wp:term":[{"taxonomy":"category","embeddable":true,"href":"https:\/\/juni-consult.de\/index.php?rest_route=%2Fwp%2Fv2%2Fcategories&post=613"},{"taxonomy":"post_tag","embeddable":true,"href":"https:\/\/juni-consult.de\/index.php?rest_route=%2Fwp%2Fv2%2Ftags&post=613"}],"curies":[{"name":"wp","href":"https:\/\/api.w.org\/{rel}","templated":true}]}}