{"id":588,"date":"2023-12-01T16:51:35","date_gmt":"2023-12-01T16:51:35","guid":{"rendered":"https:\/\/juni-consult.de\/?p=588"},"modified":"2023-12-01T16:51:36","modified_gmt":"2023-12-01T16:51:36","slug":"olafs-kanzler-klempner-song","status":"publish","type":"post","link":"https:\/\/juni-consult.de\/?p=588","title":{"rendered":"Olafs Kanzler-Klempner-Song."},"content":{"rendered":"\n<p>Eine wichtige <strong>Lebensweisheit <\/strong>lehrt uns, dass man Krisen am besten mit <strong>Humor <\/strong>bew\u00e4ltigt. <em>Werner Finck <\/em>hat das so gedichtet:<\/p>\n\n\n\n<ul class=\"wp-block-list\">\n<li>Es weht ein frischer Wind, zwei, drei,<\/li>\n\n\n\n<li>Wir wollen wieder lachen.<\/li>\n\n\n\n<li>Gebt dem Humor die Stra\u00dfe frei,<\/li>\n\n\n\n<li>Jetzt muss auch er erwachen.<\/li>\n<\/ul>\n\n\n\n<p>Das beherzigt offensichtlich auch unser Kanzler. Als Merz ihn nach seiner Regierungserkl\u00e4rung zum Verfassungsgerichtsurteil einen \u201e<strong>Klempner der Macht<\/strong>\u201c nannte, reagierte er wenige Tage sp\u00e4ter mit seinem <strong>\u00fcbersch\u00e4umenden hanseatischen Humor<\/strong> gegen\u00fcber dem Online-Netzwerk X.<\/p>\n\n\n\n<blockquote class=\"wp-block-quote is-layout-flow wp-block-quote-is-layout-flow\">\n<p>\u00bbKlempner packen an und sind unverzichtbar\u00ab, schrieb Scholz und erkl\u00e4rte, er sei stolz auf dieses Lob.<\/p>\n<\/blockquote>\n\n\n\n<p>Aber, wie auch die Innung selbst, hat er dabei offensichtlich nicht an das sch\u00f6ne <strong>Lied des Klempners<\/strong> von <em>Reinhard Mey <\/em>gedacht, das, frei redigiert, etwa so lautet:<\/p>\n\n\n\n<p><\/p>\n\n\n\n<div class=\"wp-block-group is-vertical is-layout-flex wp-container-core-group-is-layout-fe9cc265 wp-block-group-is-layout-flex\">\n<ul class=\"wp-block-list\">\n<li>Ich bin Klempner von Beruf<\/li>\n\n\n\n<li>Ein dreifach Hoch dem der dies gold&#8217;ne Handwerk schuf,<\/li>\n\n\n\n<li>Denn auch in den gr\u00f6\u00dften N\u00f6ten<\/li>\n\n\n\n<li>muss stets ich die Ampel l\u00f6ten.<\/li>\n\n\n\n<li>Immer wieder gibt es Pannen<\/li>\n\n\n\n<li>Die schon mit der Wahl begannen.<\/li>\n\n\n\n<li><\/li>\n\n\n\n<li>Ich bin Kanzler von Beruf.<\/li>\n\n\n\n<li>Ein dreifach Hoch dem der den sch\u00f6nen Posten schuf,<\/li>\n\n\n\n<li>und zum Kanzler mich gemacht hat,<\/li>\n\n\n\n<li>nur weil Laschet bl\u00f6d gelacht hat.<\/li>\n\n\n\n<li>Ich bin Kanzler von Beruf.<\/li>\n\n\n\n<li><\/li>\n\n\n\n<li>Neulich hab&#8216; ich einen Geldfonds installiert<\/li>\n\n\n\n<li>Der hat gerade 40 Wochen funktioniert.<\/li>\n\n\n\n<li>Doch dann kam er vor Gericht.<\/li>\n\n\n\n<li>\u00dcberlebt hat er das nicht!<\/li>\n\n\n\n<li>14 Tage hab\u00b4 ich dann nicht reagiert,<\/li>\n\n\n\n<li>und bis heute auch nix Neues installiert.<\/li>\n\n\n\n<li>Und da fragt mich doch der B\u00fcrger dann nachher.<\/li>\n\n\n\n<li>ob jetzt nicht einmal regieren n\u00f6tig w\u00e4r&#8216;?<\/li>\n\n\n\n<li>Da antworte ich blitzschnell: &#8222;mit dem d\u00e4mlichen Modell<\/li>\n\n\n\n<li>dieser Ampel ist das leider ziemlich schwer,<\/li>\n\n\n\n<li>und Ersatzteile gibt\u2019s auch nicht mehr\u201c.<\/li>\n\n\n\n<li><\/li>\n\n\n\n<li>Ich bin Kanzler von Beruf.<\/li>\n\n\n\n<li>Ein dreifach Hoch dem der den sch\u00f6nen Posten schuf.<\/li>\n\n\n\n<li>Leider wirke ich langweilig,<\/li>\n\n\n\n<li>aber gr\u00fcndlich geht vor eilig<\/li>\n\n\n\n<li>und der CDU erkl\u00e4rt ich \u00f6fter schon<\/li>\n\n\n\n<li>Doppelwummse \u2013 und \u201ethey\u00b4ll never walk alone\u201c.<\/li>\n\n\n\n<li><\/li>\n\n\n\n<li>Gr\u00fcndlich sein ist eines jeden Kanzlers Pflicht<\/li>\n\n\n\n<li>Heizungsm\u00e4\u00dfig war zwar Habeck nicht ganz dicht.<\/li>\n\n\n\n<li>Aber dennoch kann ichs wagen<\/li>\n\n\n\n<li>mit viel Reden nichts zu sagen,<\/li>\n\n\n\n<li>denn mit allem tu\u00b4 ich Putin nicht gern weh,<\/li>\n\n\n\n<li>\u00e1ber leider helf\u00b4 ich auch der AfD.<\/li>\n\n\n\n<li>Folglich lie\u00df ich mal vom Keller bis zum Dach<\/li>\n\n\n\n<li>nur den Lindner etwas tun, und hab danach<\/li>\n\n\n\n<li>finanziell auch nix erl\u00e4utert,<\/li>\n\n\n\n<li>weil man damit meist nur scheitert.<\/li>\n\n\n\n<li>Aber daf\u00fcr sagt mir auch kein B\u00fcrger nach<\/li>\n\n\n\n<li>Dass ich bei der Arbeit halbe Arbeit mach&#8216;.<\/li>\n\n\n\n<li><\/li>\n\n\n\n<li>Ich bin Kanzler von Beruf.<\/li>\n\n\n\n<li>Ein dreifach Hoch dem der den sch\u00f6nen Posten schuf,<\/li>\n\n\n\n<li>und braucht man mich als Kanzler mal nicht mehr,<\/li>\n\n\n\n<li>na, dann werd ich halt in Hamburg Bankvorstehr!<\/li>\n<\/ul>\n\n\n\n<p>Ihr Dr. Wolfgang Lipps<\/p>\n<\/div>\n\n\n\n<p><\/p>\n","protected":false},"excerpt":{"rendered":"<p>Eine wichtige Lebensweisheit lehrt uns, dass man Krisen am besten mit Humor bew\u00e4ltigt. Werner Finck hat das so gedichtet: Das<\/p>\n","protected":false},"author":1,"featured_media":511,"comment_status":"open","ping_status":"closed","sticky":true,"template":"","format":"standard","meta":{"colormag_page_container_layout":"default_layout","colormag_page_sidebar_layout":"default_layout","footnotes":""},"categories":[1],"tags":[],"class_list":["post-588","post","type-post","status-publish","format-standard","has-post-thumbnail","hentry","category-allgemein"],"_links":{"self":[{"href":"https:\/\/juni-consult.de\/index.php?rest_route=\/wp\/v2\/posts\/588","targetHints":{"allow":["GET"]}}],"collection":[{"href":"https:\/\/juni-consult.de\/index.php?rest_route=\/wp\/v2\/posts"}],"about":[{"href":"https:\/\/juni-consult.de\/index.php?rest_route=\/wp\/v2\/types\/post"}],"author":[{"embeddable":true,"href":"https:\/\/juni-consult.de\/index.php?rest_route=\/wp\/v2\/users\/1"}],"replies":[{"embeddable":true,"href":"https:\/\/juni-consult.de\/index.php?rest_route=%2Fwp%2Fv2%2Fcomments&post=588"}],"version-history":[{"count":10,"href":"https:\/\/juni-consult.de\/index.php?rest_route=\/wp\/v2\/posts\/588\/revisions"}],"predecessor-version":[{"id":598,"href":"https:\/\/juni-consult.de\/index.php?rest_route=\/wp\/v2\/posts\/588\/revisions\/598"}],"wp:featuredmedia":[{"embeddable":true,"href":"https:\/\/juni-consult.de\/index.php?rest_route=\/wp\/v2\/media\/511"}],"wp:attachment":[{"href":"https:\/\/juni-consult.de\/index.php?rest_route=%2Fwp%2Fv2%2Fmedia&parent=588"}],"wp:term":[{"taxonomy":"category","embeddable":true,"href":"https:\/\/juni-consult.de\/index.php?rest_route=%2Fwp%2Fv2%2Fcategories&post=588"},{"taxonomy":"post_tag","embeddable":true,"href":"https:\/\/juni-consult.de\/index.php?rest_route=%2Fwp%2Fv2%2Ftags&post=588"}],"curies":[{"name":"wp","href":"https:\/\/api.w.org\/{rel}","templated":true}]}}