{"id":525,"date":"2023-03-12T14:50:33","date_gmt":"2023-03-12T14:50:33","guid":{"rendered":"https:\/\/juni-consult.de\/?p=525"},"modified":"2023-03-12T15:29:37","modified_gmt":"2023-03-12T15:29:37","slug":"der-pawlowsche-reflex-im-deutschen-waffenrecht","status":"publish","type":"post","link":"https:\/\/juni-consult.de\/?p=525","title":{"rendered":"Der &#8222;Pawlow\u00b4sche Reflex&#8220; im deutschen Waffenrecht"},"content":{"rendered":"\n<p>Sie, liebe Leser, kennen alle die Versuche des ber\u00fchmten russischen Physiologen&nbsp;<a href=\"https:\/\/de.wikipedia.org\/wiki\/Iwan_Petrowitsch_Pawlow\"><strong>Iwan Pawlow<\/strong><\/a>. Dieser hatte immer eine Glocke gel\u00e4utet, wenn seine Laborhunde gef\u00fcttert wurden \u00ad mit dem Ergebnis, dass die Tiere beim Klang der Glocke auch dann&nbsp;<strong>zu sabbern begannen, wenn gar kein Futter in Sicht war.<\/strong><\/p>\n\n\n\n<p>Das funktioniert vielfach. So beginnen&nbsp;<strong>deutsche Politiker<\/strong>, aber auch viele&nbsp;<strong>Medien<\/strong>, immer nach \u201e<strong>Waffenrechtsversch\u00e4rfungen<\/strong>\u201c zu sabbern, wenn es zu einer&nbsp;<strong>Straftat mit Waffen<\/strong>&nbsp;kommt \u2013 wobei es ulkiger Weise keinen Unterschied macht, ob die Waffe&nbsp;<strong>legal<\/strong>&nbsp;oder&nbsp;<strong>illegal<\/strong>&nbsp;im Besitz des T\u00e4ters war. Die Versch\u00e4rfung der Waffengesetze trifft zwar&nbsp;<strong>nur die legalen Waffenbesitzer<\/strong>, die illegalen gerade nicht! Aber diese Feinheit wird gern ignoriert.<\/p>\n\n\n\n<p>Das kommt daher, dass ganz \u00fcberwiegend gerade die nach einer Versch\u00e4rfung der Waffengesetze rufen, die von der Materie erkennbar&nbsp;<strong>nichts verstehen<\/strong>&nbsp;\u2013&nbsp;<strong>Fachleute<\/strong>, wie z. B. der&nbsp;<strong>Vorsitzende des Forum Waffenrecht<\/strong>&nbsp;oder die&nbsp;<strong>Vorsitzenden der Polizeigewerkschaft<\/strong>&nbsp;oder des&nbsp;<strong>Beamtenbundes<\/strong>&nbsp;sind da erheblich&nbsp;<a href=\"https:\/\/www.natuerlich-jagd.de\/im-original\/waffenrechtsverschaerfung-faeser-will-halbautomatische-waffen-verbieten\/\">objektiver<\/a>. Und weder fachkundig noch intelligent ist das Postulat von&nbsp;<a href=\"https:\/\/www.spiegel.de\/politik\/deutschland\/news-amoklauf-in-hamburg-waffen-grosse-koalition-in-berlin-franziska-giffey-jusos-auschwitz-a-e0b90282-e5a2-45b6-93bc-efc51e60e7c3\">Markus Feldenkirchen<\/a>&nbsp;vom SPIEGEL, legale Waffenbesitzer sollten ihre Waffen nie mehr zuhause haben d\u00fcrfen, sondern irgendwo anders auslagern m\u00fcssen. Wie bl\u00f6d ist das denn?<\/p>\n\n\n\n<h2 class=\"wp-block-heading\">Wann und wie wird gesabbert?<\/h2>\n\n\n\n<p>Das ist leicht&nbsp;<strong>vorherzusagen<\/strong>.<\/p>\n\n\n\n<p>Wenn eine Straftat mit einer&nbsp;<strong>automatischen Schusswaffe<\/strong>&nbsp;begangen wird, sollten die gleich mal&nbsp;<strong>verboten&nbsp;<\/strong>werden. Dar\u00fcber kann man zwar reden, aber sollte&nbsp;<a href=\"https:\/\/www.natuerlich-jagd.de\/im-original\/waffenrechtsverschaerfung-faeser-will-halbautomatische-waffen-verbieten\/\">wissen<\/a>: &nbsp;<em>\u201eHalbautomatische Waffen werden in allen Schie\u00dfsportverb\u00e4nden, national wie international, verwendet und auch von J\u00e4gern gerne genutzt\u201c<\/em>.&nbsp;Ist der T\u00e4ter des&nbsp;<strong>Rechtsextremismus<\/strong>&nbsp;verd\u00e4chtig, wird versucht, den Zugang von Rechtsextremen zu Waffen zu erschweren \u2013 das ist zwar&nbsp;<strong>sinnvoll<\/strong>, st\u00f6\u00dft aber auf erhebliche praktische Schwierigkeiten und f\u00fchrt zu einem gerade f\u00fcr die legalen Waffenbesitzer \u00e4u\u00dferst l\u00e4stigen Verwaltungswirrwarr.<\/p>\n\n\n\n<p>Besonders wohlfeil wird\u2019s dann, wenn der T\u00e4ter, wie der ehemalige<strong>&nbsp;Zeuge Jehovas in Hamburg<\/strong>, erkennbar&nbsp;<strong>psychisch gest\u00f6rt<\/strong>&nbsp;zu sein scheint. Hier will die Politik gleich mal die n\u00e4chste Sau durchs Dorf treiben \u2013 jeder Antragsteller auf Waffenbesitz soll zuerst&nbsp;<strong>psychiatrisch untersucht<\/strong>&nbsp;werden.<\/p>\n\n\n\n<p>Wie das organisatorisch zu schaffen sein soll, kann man f\u00fcglich fragen. Aber viel schwerer wiegt: auf psychiatrische Gutachten ist&nbsp;<strong>kein<\/strong>&nbsp;<strong>Verlass<\/strong>! Jeder Rechtsanwalt, der mit derartigen Gutachten zu tun hatte, wei\u00df, wie unglaublich fehleranf\u00e4llig die sind. Ich selbst habe in meiner anwaltlichen Praxis Gutachten erlebt, die schon an Scharlatanerie grenzten.<\/p>\n\n\n\n<h2 class=\"wp-block-heading\">Psychiatrische Gutachten \u2013 unbrauchbar!<\/h2>\n\n\n\n<p>Aber auf derartige praktische Erfahrungen von Rechtsanwendern muss man garnicht abheben \u2013 die Branche selbst gibt zu, dass derartige Gutachten \u2013 die bekanntlich mit einem einzigen Gespr\u00e4ch keineswegs seri\u00f6s begr\u00fcndet werden k\u00f6nnen \u2013 eine gewaltige&nbsp;<strong>Fehlerquote<\/strong>&nbsp;beinhalten. So wird einger\u00e4umt, dass bei der Prognose der m\u00f6glichen R\u00fcckf\u00e4lligkeit von Straft\u00e4tern \u201e<em>sehr viel schief l\u00e4uft<\/em>\u201c. Bei einer&nbsp;<a href=\"https:\/\/core.ac.uk\/download\/pdf\/11027841.pdf\"><strong>Nachuntersuchung<\/strong>&nbsp;<\/a>von 113 Straft\u00e4tern waren 38,1% r\u00fcckf\u00e4llig geworden.<\/p>\n\n\n\n<p>Das&nbsp;<a href=\"https:\/\/www.sgipt.org\/lit\/pabst\/nedopil5.htm\"><strong>Handbuch<\/strong>&nbsp;<\/a>\u201ePrognosen f\u00fcr die forensiche Psychiatrie\u201c stellt fest: \u201e<em>Aus den Daten folgt: so kann es nicht weitergehen: die traditionelle psychiatrische R\u00fcckfall-Prognose-Methode muss schnellstm\u00f6glich abgeschafft werden, denn&nbsp;<strong>\u00fcber 80%&nbsp;falsch<\/strong>&nbsp;positive psychiatrische R\u00fcckfall-Prognosen sind eine&nbsp;<strong>unertr\u00e4gliche Katastrophe<\/strong>&nbsp;f\u00fcr eine anspruchsm\u00e4\u00dfig wissenschaftlich fundierte Prognostik<\/em>\u201c.<\/p>\n\n\n\n<p><a href=\"https:\/\/www.faz.net\/aktuell\/politik\/inland\/psychiatrische-gutachten-zwischen-irrsinn-und-verbrechen-13075145.html\">Erinnern&nbsp;<\/a>wir uns an&nbsp;<strong>Gustl Mollath<\/strong>&nbsp;oder&nbsp;<strong>Anders Breivik<\/strong>: \u201e<em>Im ersten Strafverfahren vor dem Landgericht N\u00fcrnberg-F\u00fcrth war f\u00fcr den Gerichtsgutachter klar:&nbsp;<strong>Mollath<\/strong>&nbsp;ist psychisch schwer krank und weiterhin gef\u00e4hrlich. Ein anderer Psychiater sprach von einer \u201egroben Falschbegutachtung\u201c und sah weder Anzeichen einer psychischen Erkrankung noch der Gemeingef\u00e4hrlichkeit. Solche eklatanten Widerspr\u00fcche zwischen Gutachtern sind eher die Regel als die Ausnahme. Auch den rechtsradikalen Norweger Anders&nbsp;<strong>Breivik<\/strong>&nbsp;hielten die einen \u00c4rzte f\u00fcr schizophren, die anderen f\u00fcr voll zurechnungsf\u00e4hig<\/em>\u201e.<\/p>\n\n\n\n<p>Und den&nbsp;<a href=\"https:\/\/www.merkur.de\/deutschland\/schleswig-holstein\/gutachten-messerattacke-brokstedt-zug-taeter-anwalt-vorbestraft-justiz-uhaft-verteidiger-92052542.html\"><strong>Messerstecher<\/strong>&nbsp;<\/a>im Regionalzug bei Brockstedt im Januar 2023 hatte man aus der Untersuchungshaft entlassen&nbsp;<em>\u201enach einer psychiatrischen Begutachtung, die unauff\u00e4llig ausfiel<\/em>\u201c; wenige Tage danach hat er&nbsp;<strong>zwei Menschen get\u00f6tet<\/strong>! \u201e<em>Ein Psychiater hat kurz vor der Entlassung keine Fremd- und Selbstgef\u00e4hrdung festgestellt<\/em>\u201c, hatte eine&nbsp;<a href=\"https:\/\/www.rnd.de\/panorama\/messerstecher-im-regionalzug-kurz-zuvor-noch-in-haft-viele-vorstrafen-obdachlos-kritik-an-den-MDZCQ2HD6YXHLVOMNH5B6ZL52Y.html\">Sprecherin&nbsp;<\/a>der JVA Billstedt erkl\u00e4rt.<\/p>\n\n\n\n<p>Jetzt also: derartige \u201e<strong>Gutachten<\/strong>\u201c bei jedem Waffenantrag?&nbsp;<strong>Schneller und treffsicherer w\u00e4re W\u00fcrfeln!<\/strong><\/p>\n\n\n\n<h2 class=\"wp-block-heading\">Das Waffenrecht<\/h2>\n\n\n\n<p>Klar ist:&nbsp;<strong>nichts ist vollkommen<\/strong>, alles kann immer verbessert werden. Das gilt nat\u00fcrlich auch f\u00fcr das&nbsp;<strong>deutsche Waffenrecht<\/strong>, das zwar eines der&nbsp;<strong>besten<\/strong>, aber auch leider der&nbsp;<strong>kompliziertesten<\/strong>&nbsp;der Welt ist. Aber die Betonung muss dann auf dem Wort \u201e<strong>Verbesserung<\/strong>\u201c liegen. Es besteht aber der Verdacht, Frau Faeser wolle im &nbsp;Waffenrecht nur deshalb herumpfuschen, um den Eindruck zu erwecken, sie sei als Innenpolitikerin schnell und gut; darauf kann die Gesellschaft verzichten.<\/p>\n\n\n\n<p>Die im&nbsp;<strong>Forum Waffenrecht<\/strong>&nbsp;zusammengeschlossenen&nbsp;<strong>Verb\u00e4nde<\/strong>&nbsp;stellen sich gegen&nbsp;<strong>willk\u00fcrliche Gesetzesversch\u00e4rfungen ohne faktenbasierte Grundlage und jeden Sicherheitsgewinn<\/strong>. Nach ihrer Ansicht rechtfertigt z. B. auch das Geschehen in der&nbsp;<strong>Silvesternacht<\/strong>&nbsp;keine Versch\u00e4rfung des Waffenrechts.&nbsp;<em>\u201eAlles, was dort passiert ist, ist bereits jetzt verboten und steht unter Strafe. Die Gesetze m\u00fcssen nur konsequent durchgesetzt werden, ansonsten helfen auch weitere Verbote nichts\u201c<\/em>. Leider werden Rufe nach einer Versch\u00e4rfung des Waffenrechts oft&nbsp;<strong>reflexartig<\/strong>&nbsp;ge\u00e4u\u00dfert, ohne vorher zu pr\u00fcfen, welche Ma\u00dfnahmen tats\u00e4chlich&nbsp;<strong>sinnvoll und erforderlich<\/strong>&nbsp;sind. Einer sinnvollen \u00c4nderung des Waffengesetzes stellen sich die Verb\u00e4nde nicht entgegen, dies wurde dem BMI gegen\u00fcber deutlich gemacht. Die vorgesehenen \u00c4nderungen \u2013 soweit bekannt \u2013 sind jedoch sachlich nicht begr\u00fcndet.<\/p>\n\n\n\n<p>Letztlich ist es eine&nbsp;<strong>gesicherte&nbsp;<a href=\"https:\/\/katjatriebel.com\/waffenverbote\/\">Erkenntnis<\/a><\/strong>:<\/p>\n\n\n\n<p>Wissenschaftler aus dem In- und Ausland belegten anhand von Studien und Statistiken, dass&nbsp;<strong>Waffenverbote<\/strong>&nbsp;keinen positiven Effekt auf die Gewaltkriminalit\u00e4t haben.&nbsp;<strong>Gesetzestreue B\u00fcrger<\/strong>&nbsp;werden durch den Besitz von Waffen&nbsp;<strong>nicht zur Gewalt verf\u00fchrt<\/strong>.&nbsp;<strong>Rechtsbrecher<\/strong>&nbsp;<strong>k\u00fcmmern sich nicht um Verbote<\/strong>; sie besorgen sich ihr Tatmittel illegal oder ersetzen es, z.B. durch Messer, Brenn- oder Explosivstoffen.<\/p>\n\n\n\n<h2 class=\"wp-block-heading\">Und \u00fcbrigens:<\/h2>\n\n\n\n<p>Im Jahr&nbsp;<strong>2014<\/strong>&nbsp;wurden gem\u00e4\u00df der polizeilichen&nbsp;<a href=\"file:\/\/\/C:\/Users\/Admin\/Downloads\/oa_broschuere_fakten_missbrauch_von_legalen_waffen_indeutschland.pdf\">Kriminalstatistik&nbsp;<\/a>insgesamt 6.082.064 Straftaten registriert. Lediglich in&nbsp;<strong>0,2% der F\u00e4lle<\/strong>&nbsp;waren&nbsp;<strong>Schusswaffen<\/strong>&nbsp;involviert. Im Zusammenhang mit Straftaten wurden insgesamt 443 Waffen an Tatorten sichergestellt, wovon 75,7% (335) erlaubnisfrei und 24,3% erlaubnispflichtig waren. Nur 5 erlaubnispflichtige Schusswaffen (<strong>4,9%<\/strong>) waren&nbsp;<strong>legal<\/strong>&nbsp;besessen, dagegen&nbsp;<strong>\u00fcber 95% in illegalem Besitz<\/strong>. (Quelle Bundeskriminalamt, Wiesbaden)<\/p>\n\n\n\n<p>Also:<\/p>\n\n\n\n<p>Viel L\u00e4rm um&nbsp;<strong>Nichts<\/strong>&nbsp;\u2013 aber&nbsp;<strong>Nichts<\/strong>&nbsp;wird sicher dabei herauskommen.<\/p>\n\n\n\n<p>Ihr<\/p>\n\n\n\n<p>Dr. Wolfgang Lipps<\/p>\n","protected":false},"excerpt":{"rendered":"<p>Sie, liebe Leser, kennen alle die Versuche des ber\u00fchmten russischen Physiologen&nbsp;Iwan Pawlow. Dieser hatte immer eine Glocke gel\u00e4utet, wenn seine<\/p>\n","protected":false},"author":1,"featured_media":364,"comment_status":"open","ping_status":"closed","sticky":false,"template":"","format":"standard","meta":{"colormag_page_container_layout":"default_layout","colormag_page_sidebar_layout":"default_layout","footnotes":""},"categories":[1],"tags":[],"class_list":["post-525","post","type-post","status-publish","format-standard","has-post-thumbnail","hentry","category-allgemein"],"_links":{"self":[{"href":"https:\/\/juni-consult.de\/index.php?rest_route=\/wp\/v2\/posts\/525","targetHints":{"allow":["GET"]}}],"collection":[{"href":"https:\/\/juni-consult.de\/index.php?rest_route=\/wp\/v2\/posts"}],"about":[{"href":"https:\/\/juni-consult.de\/index.php?rest_route=\/wp\/v2\/types\/post"}],"author":[{"embeddable":true,"href":"https:\/\/juni-consult.de\/index.php?rest_route=\/wp\/v2\/users\/1"}],"replies":[{"embeddable":true,"href":"https:\/\/juni-consult.de\/index.php?rest_route=%2Fwp%2Fv2%2Fcomments&post=525"}],"version-history":[{"count":2,"href":"https:\/\/juni-consult.de\/index.php?rest_route=\/wp\/v2\/posts\/525\/revisions"}],"predecessor-version":[{"id":529,"href":"https:\/\/juni-consult.de\/index.php?rest_route=\/wp\/v2\/posts\/525\/revisions\/529"}],"wp:featuredmedia":[{"embeddable":true,"href":"https:\/\/juni-consult.de\/index.php?rest_route=\/wp\/v2\/media\/364"}],"wp:attachment":[{"href":"https:\/\/juni-consult.de\/index.php?rest_route=%2Fwp%2Fv2%2Fmedia&parent=525"}],"wp:term":[{"taxonomy":"category","embeddable":true,"href":"https:\/\/juni-consult.de\/index.php?rest_route=%2Fwp%2Fv2%2Fcategories&post=525"},{"taxonomy":"post_tag","embeddable":true,"href":"https:\/\/juni-consult.de\/index.php?rest_route=%2Fwp%2Fv2%2Ftags&post=525"}],"curies":[{"name":"wp","href":"https:\/\/api.w.org\/{rel}","templated":true}]}}