{"id":505,"date":"2022-10-07T17:46:43","date_gmt":"2022-10-07T17:46:43","guid":{"rendered":"https:\/\/juni-consult.de\/?p=505"},"modified":"2022-10-11T12:43:11","modified_gmt":"2022-10-11T12:43:11","slug":"olafs-kinderbuch-das-doppelte-wummschen","status":"publish","type":"post","link":"https:\/\/juni-consult.de\/?p=505","title":{"rendered":"Olafs Kinderbuch: \u201eDas doppelte Wumms\u00b4chen\u201c."},"content":{"rendered":"\n<p><\/p>\n\n\n\n<h2 class=\"has-text-align-center wp-block-heading\"><img loading=\"lazy\" decoding=\"async\" width=\"150\" height=\"85\" class=\"wp-image-511\" style=\"width: 150px;\" src=\"https:\/\/juni-consult.de\/wp-content\/uploads\/2022\/10\/mr-magoo-4.webp\" alt=\"\"><\/h2>\n\n\n\n<h2 class=\"wp-block-heading\"><strong>\u201eDie Drei von der Tankstelle\u201c<\/strong><\/h2>\n\n\n\n<p>Vor wenigen Tagen, am 30. September, hat unser aller Bundeskanzler <strong>Olaf Scholz<\/strong>, zusammen mit den Herren <strong>Lindner<\/strong> und <strong>Habeck<\/strong> eine eilig anberaumte <a href=\"https:\/\/www.n-tv.de\/politik\/Doppel-Wumms-Statt-Gasumlage-kommt-die-Gaspreisbremse-article23620292.html\" data-type=\"URL\" data-id=\"https:\/\/www.n-tv.de\/politik\/Doppel-Wumms-Statt-Gasumlage-kommt-die-Gaspreisbremse-article23620292.html\">Pressekonferenz <\/a>gegeben, in der er, mit ganz <strong>erheblicher Versp\u00e4tung<\/strong>, zum <strong>Strom<\/strong>&#8211; und <strong>Gaspreis<\/strong> erkl\u00e4rte:<\/p>\n\n\n\n<blockquote class=\"wp-block-quote is-style-plain has-cyan-bluish-gray-background-color has-background is-layout-flow wp-block-quote-is-layout-flow\"><p>\u201e<em>Damit die Preise<\/em> <em>sinken, spannen wir einen gro\u00dfen Abwehrschirm von 200 Milliarden Euro!\u201c<\/em><\/p><\/blockquote>\n\n\n\n<p>Nachdem er dann <strong>zwei<\/strong> von den insgesamt <strong>sechseinhalb<\/strong> <strong>Minuten<\/strong> seiner Erkl\u00e4rung mit der Erz\u00e4hlung verplempert hat, was man <strong>schon getan<\/strong> habe \u2013 nicht viel, aber immerhin <a href=\"https:\/\/www.bundesregierung.de\/breg-de\/service\/bulletin\/rede-von-bundeskanzler-olaf-scholz-2123980\" data-type=\"URL\" data-id=\"https:\/\/www.bundesregierung.de\/breg-de\/service\/bulletin\/rede-von-bundeskanzler-olaf-scholz-2123980\"><strong>Einiges<\/strong> <\/a>\u2013 und vor allem <strong>noch tun<\/strong> werde \u2013 sehr viel mehr und etliches davon <strong>nicht sehr wahrscheinlich<\/strong> \u2013 bezeichnete er am Ende die Summe von <strong>\u20ac zweihundert Milliarden <\/strong>als<\/p>\n\n\n\n<h2 class=\"has-text-align-center wp-block-heading\"><strong>Doppelwumms.<\/strong><\/h2>\n\n\n\n<p>Nachdem er fr\u00fcher schon die <a href=\"https:\/\/www.welt.de\/politik\/deutschland\/article227630137\/Corona-Konjunkturpaket-Olaf-Scholz-Bazooka-hat-noch-Ladehemmung.html\" data-type=\"URL\" data-id=\"https:\/\/www.welt.de\/politik\/deutschland\/article227630137\/Corona-Konjunkturpaket-Olaf-Scholz-Bazooka-hat-noch-Ladehemmung.html\"><strong>Bazooka<\/strong> <\/a>rausgeholt, den <strong>einfachen Wumms<\/strong> bem\u00fcht und der staunenden \u00fcberwiegend deutschsprachigen Bev\u00f6lkerung seines Landes mitgeteilt hatte: \u201e<strong><a href=\"https:\/\/www.spd.de\/aktuelles\/detail\/news\/youll-never-walk-alone\/22\/07\/2022\/\" data-type=\"URL\" data-id=\"https:\/\/www.spd.de\/aktuelles\/detail\/news\/youll-never-walk-alone\/22\/07\/2022\/\">you\u00b4ll never walk alone<\/a><\/strong>\u201c; letzteres stimmt nat\u00fcrlich, denn auch er wird in Zukunft f\u00fcr Gas und Strom mehr bezahlen.<\/p>\n\n\n\n<p><strong>Was f\u00fcr ein Trost.<\/strong><\/p>\n\n\n\n<p>Denn wie Herr <strong><a href=\"https:\/\/www.zdf.de\/politik\/maybrit-illner\/die-maybrit-illner-fakten-box-100.html\" data-type=\"URL\" data-id=\"https:\/\/www.zdf.de\/politik\/maybrit-illner\/die-maybrit-illner-fakten-box-100.html\">Habeck<\/a><\/strong>, und <strong>nicht nur <a href=\"https:\/\/www.tagesspiegel.de\/potsdam\/brandenburg\/keine-ruckkehr-zu-gunstigen-energiepreisen-wirtschaftsminister-steinbach-schenkt-brandenburgs-handwerkern-reinen-wein-ein-8713924.html\" data-type=\"URL\" data-id=\"https:\/\/www.tagesspiegel.de\/potsdam\/brandenburg\/keine-ruckkehr-zu-gunstigen-energiepreisen-wirtschaftsminister-steinbach-schenkt-brandenburgs-handwerkern-reinen-wein-ein-8713924.html\">der<\/a><\/strong>, schon sagte: Die<strong>&nbsp;Preise von 2021 werde es nicht mehr geben<\/strong>, man k\u00f6nne sie nicht auf dieses Niveau heruntersubventionieren.<\/p>\n\n\n\n<blockquote class=\"wp-block-quote has-cyan-bluish-gray-background-color has-background is-layout-flow wp-block-quote-is-layout-flow\"><p>\u201eAuch nicht mit diesen gigantischen 200 Milliarden Euro.\u201c<\/p><\/blockquote>\n\n\n\n<p><strong>Herr Scholz w\u00fcrde<\/strong> uns, die er offenkundig alle f\u00fcr etwas <strong>schlicht im Kopf<\/strong> h\u00e4lt (was er ja schon mehrmals hat erkennen lassen) wahrscheinlich in seiner <strong>Kindersprache<\/strong> dazu sagen, der <strong>Strompreis<\/strong> werde weiter ein \u201e<strong>Ziep<\/strong>\u201c und der <strong>Gaspreis<\/strong> ein \u201e<strong>Pieks<\/strong>\u201c bleiben und uns weiterhin \u201e<strong>Aua<\/strong>\u201c machen. Aber er werde jetzt \u201e<strong>hopp hopp hopp<\/strong>\u201c die Sache <strong>regeln<\/strong>, \u00e4h, erst mal <strong>regeln lassen<\/strong>, nachdem die <strong>MPK<\/strong> nix, aber n\u00e4chsten Montag die <strong>Kommission<\/strong> sicherlich viel Schlaues produziert haben werde. \u201e<strong>Heile heile Segen<\/strong>\u201c usw.<\/p>\n\n\n\n<blockquote class=\"wp-block-quote has-cyan-bluish-gray-background-color has-background is-layout-flow wp-block-quote-is-layout-flow\"><p>\u201eWenn man nicht mehr weiter wei\u00df macht man einen Arbeitskreis, (MPK!)<\/p><p>hat man einen solchen schon macht man eine Kommission\u201c.<\/p><\/blockquote>\n\n\n\n<h2 class=\"wp-block-heading\"><strong>Die Preise f\u00fcr Strom und Gas m\u00fcssen runter \u2013 aber wie?<\/strong><\/h2>\n\n\n\n<p><strong>Anfang August 2022<\/strong> waren an den Terminm\u00e4rkten f\u00fcr die Lieferung einer Megawattstunde (MWh) Gas bis \u00fcber die Jahreswende 2022\/23 hinaus knapp <strong>unter 200 Euro<\/strong> f\u00e4llig \u2013 <strong>Anfang 2021<\/strong> war Erdgas noch f\u00fcr rund <strong>20 Euro pro MWh<\/strong> gehandelt worden \u2013 der Einkaufspreis hat sich somit <strong><a href=\"https:\/\/www.wirtschaftsdienst.eu\/inhalt\/jahr\/2022\/heft\/8\/beitrag\/hoechste-zeit-fuer-einen-gaspreisdeckel-ein-wichtiges-instrument-im-kampf-gegen-energiepreisbelastung.html\" data-type=\"URL\" data-id=\"https:\/\/www.wirtschaftsdienst.eu\/inhalt\/jahr\/2022\/heft\/8\/beitrag\/hoechste-zeit-fuer-einen-gaspreisdeckel-ein-wichtiges-instrument-im-kampf-gegen-energiepreisbelastung.html\">verzehnfacht<\/a><\/strong>, der Abgabepreis an die Verbraucher betr\u00e4gt immer noch das mindestens <strong>Dreieinhalbfache<\/strong> des Gaspreises, den ein Haushalt vor der Jahreswende 2022 bezahlen musste. Danach w\u00e4re aus der Staatskasse ein Betrag von <strong>2,5 Milliarden Euro<\/strong> notwendig, um den Endverbraucherpreis beim Gas <strong>um einen Cent je Kilowattstunde<\/strong> zu senken. Der Pr\u00e4sident des Deutschen Instituts f\u00fcr Wirtschaftsforschung (DIW), <strong>Marcel Fratzscher<\/strong>, <a href=\"https:\/\/www.tagesschau.de\/wirtschaft\/verbraucher\/gaspreisdeckel-gaspreise-faq-101.html\" data-type=\"URL\" data-id=\"https:\/\/www.tagesschau.de\/wirtschaft\/verbraucher\/gaspreisdeckel-gaspreise-faq-101.html\">rechnet <\/a>mit weitaus h\u00f6heren Kosten.<\/p>\n\n\n\n<p>Die <strong>Strompreise<\/strong> sind weniger gestiegen und lassen sich auch leichter bewirtschaften. Aber auch sie sind bis zu <strong>dreimal<\/strong> so hoch wie fr\u00fcher und werden auf absehbare Zeit jedenfalls <strong>hoch bleiben<\/strong>.<\/p>\n\n\n\n<blockquote class=\"wp-block-quote has-cyan-bluish-gray-background-color has-background is-layout-flow wp-block-quote-is-layout-flow\"><p>&nbsp;<strong><em>Wir werden nicht auf das Niveau von vor 2020 zur\u00fcckkommen. Das ist ein Irrglaube. Das wird auch Vater Staat mit keinem Programm ausgleichen k\u00f6nnen. Das ist unbezahlbar.<\/em><\/strong><\/p><\/blockquote>\n\n\n\n<p>Die <strong>Folgen<\/strong> hoher Strompreise und hoher Gaspreise auf die Volkswirtschaft sind <strong>massiv<\/strong>, insbesondere da sie noch die ohnehin zunehmende <strong>Inflation<\/strong> \u2013 gegenw\u00e4rtig <strong>gewaltige 10%<\/strong> &#8211; befeuern. Zahlreiche Verbraucher k\u00f6nnen ihre ben\u00f6tigte Energie nicht mehr bezahlen, und das gilt auch f\u00fcr sehr viele <strong>Handwerksbetriebe<\/strong> und Industriebetriebe im Bereich insbesondere der <strong>kleinen und mittleren Unternehmen<\/strong>. Gleichzeitig verteuern sich deutsche Waren im Ausland und beeintr\u00e4chtigen damit die f\u00fcr unseren Wohlstand lebensnotwendigen <strong>Exporte<\/strong>, und die Waren im <strong>Inland<\/strong> werden wegen schwindender Kaufkraft ebenfalls weniger nachgefragt werden.<\/p>\n\n\n\n<p>Deutschland droht die <strong>Deindustrialisierung<\/strong>. Die Energiekrise d\u00fcrfte der \u201e<em>Ausgangspunkt f\u00fcr eine beschleunigte Deindustrialisierung Deutschlands<\/em>\u201c sein, schreibt die <strong><a href=\"https:\/\/www.businessinsider.de\/wirtschaft\/energiekrise-anfang-der-deindustrialisierung-deutschlands-deutsche-bank-studie-a\/\" data-type=\"URL\" data-id=\"https:\/\/www.businessinsider.de\/wirtschaft\/energiekrise-anfang-der-deindustrialisierung-deutschlands-deutsche-bank-studie-a\/\">Deutsche Bank<\/a><\/strong> in einer neuen Analyse. Viele Industrieunternehmen h\u00e4tten alle M\u00f6glichkeiten genutzt, um Gas zu sparen oder zu ersetzen. Nun folgten \u201e<em>die <strong>Drosselung<\/strong> der Produktion, <strong>Schlie\u00dfung<\/strong> einzelner Werke und <strong>Verlagerung<\/strong> ins Ausland<\/em>\u201c. Die Gaskrise werde damit das exportorientierte deutsche Gesch\u00e4ftsmodell f\u00fcr immer ver\u00e4ndern.<\/p>\n\n\n\n<p>Kurzfristig drohen wegen der drohenden <strong>Gasmangellage<\/strong> auch lokal und zeitlich begrenzte <strong>Energie-Blackouts<\/strong> und vermehrt <strong>soziale Spannungen<\/strong>.<\/p>\n\n\n\n<h2 class=\"wp-block-heading\"><strong>Das Wundermittel Gaspreisbremse alias Preisdeckel<\/strong><\/h2>\n\n\n\n<p>Eines ist ja wohl klar: auch wenn der Markt dazu f\u00fchren sollte, dass sich Energiepreise in den n\u00e4chsten Jahren insbesondere unter dem Druck wachsender Erzeugung von <strong>Prim\u00e4renergie<\/strong> auf ein vern\u00fcnftiges Niveau <strong>einpendeln<\/strong> sollten, wird Energie dauerhaft <strong>erheblich teurer<\/strong> bleiben als in den vergangenen Jahren. Die <strong>Droge Billiggas aus Russland<\/strong> hat ausgedient. Selbst das <strong>Fl\u00fcssiggas<\/strong> <strong>aus den USA<\/strong> wird erheblich <strong><a href=\"https:\/\/www.businessinsider.de\/wirtschaft\/europa-wird-kein-billiges-us-gas-mehr-bekommen-koennen-sagt-ein-amerikanischer-energie-unternehmer-a\/\" data-type=\"URL\" data-id=\"https:\/\/www.businessinsider.de\/wirtschaft\/europa-wird-kein-billiges-us-gas-mehr-bekommen-koennen-sagt-ein-amerikanischer-energie-unternehmer-a\/\">teurer<\/a><\/strong>, und das f\u00fcr die n\u00e4chsten Jahre.<\/p>\n\n\n\n<p>Da gibt es erkennbar nur <strong>2 Gegenmittel<\/strong>: zum einen m\u00fcssen die Menschen <strong>mehr Geld<\/strong> haben, um damit wenigstens zum Teil die Teuerung abfangen zu k\u00f6nnen, und zum anderen m\u00fcssen <strong>Preise mit Gewalt auf ein ertr\u00e4gliches Ma\u00df zur\u00fcckgef\u00fchrt<\/strong> werden. Ersteres ist schon zum geringen Teil zum Beispiel durch Erh\u00f6hung von Wohngeld und anderen Bez\u00fcgen und durch verbilligte Tickets insbesondere f\u00fcr den Nahverkehr in Angriff genommen worden, wenn auch sp\u00e4t und unzureichend.<\/p>\n\n\n\n<p>In der <strong>Hoffnung<\/strong>, Preise herabsetzen zu k\u00f6nnen, ist man jetzt in der Politik dabei, eine sogenannte <strong>Preisbremse<\/strong> zu erfinden, und zwar in Gestalt eines sogenannten <strong>Preisdeckels<\/strong>. Damit will man erreichen, dass Verbraucher und Industrie jedenfalls f\u00fcr einen gro\u00dfen Teil ihres dringend notwendigen Energiebedarfs mit <strong>festen Preisen<\/strong> rechnen k\u00f6nnen, die staatlich festgelegt werden \u2013 der Staat <strong>subventioniert<\/strong> also f\u00fcr diesen Energiebedarf den h\u00f6heren Marktpreis. Jeder <strong>Mehrverbrauch<\/strong> muss vom diesbez\u00fcglichen Verbraucher dann zum hohen jeweils geltenden Marktpreis <strong>hinzugekauft<\/strong> werden.<\/p>\n\n\n\n<p><strong>Andere europ\u00e4ische L\u00e4nder<\/strong> versuchen das gerade, mit <strong>mehr<\/strong> oder <strong>minder<\/strong> gro\u00dfem <strong>Erfolg<\/strong>. Die ganze Sache ist zun\u00e4chst mal <strong>au\u00dferordentlich teuer f\u00fcr den Staat<\/strong>, der ja seine Ausgaben letztlich nur aus <strong>unseren Steuern<\/strong> deckt, also auch diese <strong>Preismanipulationen<\/strong>. Denn auch wenn daf\u00fcr Kredite aufgenommen werden, m\u00fcssen sp\u00e4testens <strong>unsere Kinder und Enkel<\/strong> die wieder tilgen. Und einen <strong>Preisd\u00e4mpfungseffekt<\/strong> auf dem Weltmarkt haben derartige Subventionen <strong>nicht<\/strong>, <strong>im Gegenteil<\/strong>. Um eine Gasknappheit zu vermeiden, muss die Bundesrepublik <strong>so attraktive Preise<\/strong> insbesondere f\u00fcr Fl\u00fcssiggas anbieten, dass die <strong>Gastanker<\/strong> zu uns und nicht woanders hinfahren.<\/p>\n\n\n\n<h2 class=\"wp-block-heading\"><strong>Preisdeckel sind schwierig und deckeln selten<\/strong><\/h2>\n\n\n\n<blockquote class=\"wp-block-quote has-cyan-bluish-gray-background-color has-background is-layout-flow wp-block-quote-is-layout-flow\"><p><em>Die Geschichte der &#8222;Deckel&#8220; in der deutschen&nbsp;Politik&nbsp;ist lang und unerfreulich. Sie beginnt mit gro\u00dfen Hoffnungen und scheitert in der Regel am un\u00fcberbr\u00fcckbaren Gegensatz von Rationierung und Effizienz.<\/em><\/p><\/blockquote>\n\n\n\n<p>Denn bei jedem Deckel, der ja immer ein <strong>Eingriff in den Markt<\/strong> und die <strong>Marktgesetze<\/strong> ist, steckt nat\u00fcrlich der <strong>Teufel im Detail<\/strong>. Das haben wir beim <strong>Kostendeckel<\/strong> in der Gesundheitspolitik gesehen, beim Berliner <strong>Mietendeckel<\/strong>, beim <strong>Rentendeckel<\/strong>, der ein <strong>Hinzuverdienstdeckel<\/strong> war und erfolglos, oder auch beim <strong>kleinen Pflegedeckel<\/strong>. Ein ganz besonderer <a href=\"https:\/\/de.wikipedia.org\/wiki\/Wolpertinger\" data-type=\"URL\" data-id=\"https:\/\/de.wikipedia.org\/wiki\/Wolpertinger\"><strong>Wolpertinger<\/strong> <\/a>ist der sog. \u201e<strong>atmende Deckel<\/strong>\u201c, was immer das sein mag \u2013 beim Erneuerbare-Energien-Gesetz <strong><a href=\"https:\/\/www.t-online.de\/finanzen\/kolumne-ursula-weidenfeld\/id_100061220\/gaskrise-in-deutschland-das-wird-nicht-funktionieren.html\" data-type=\"URL\" data-id=\"https:\/\/www.t-online.de\/finanzen\/kolumne-ursula-weidenfeld\/id_100061220\/gaskrise-in-deutschland-das-wird-nicht-funktionieren.html\">klappt er nicht<\/a><\/strong>.<\/p>\n\n\n\n<p>Au\u00dferdem muss so ein <strong>Deckel<\/strong> eine ganze Reihe von miteinander nur schwer zu vereinbarende <strong>Bedingungen<\/strong> erf\u00fcllen. Zun\u00e4chst muss er sehr stark auf die <strong>Preise einwirken<\/strong> und verlangt damit eine sehr <strong>flexible<\/strong> und <strong>intelligente <\/strong>und im \u00dcbrigen sehr <strong>teure Finanzpolitik<\/strong>. Sodann muss seine Wirkung auf diejenigen <strong>beschr\u00e4nkt<\/strong> werden, die ihn wirklich brauchen, und darf dabei aber nicht so wirken, dass der <strong>Sparanreiz<\/strong> schw\u00e4cher wird oder verloren geht \u2013 da wir insbesondere eine <strong>Gasmangellage<\/strong> haben, die mehrere Jahre anhalten d\u00fcrfte, muss der <strong>Gasverbrauch unbedingt gesenkt<\/strong> werden. Insbesondere aber muss diese sogenannte <strong>Gasbremse<\/strong> <strong>sozial richtig<\/strong> gewichtet werden, also die sozial Schwachen bevorzugen, den sozial stark Beanspruchten eine echte Hilfe sein, und von denjenigen nicht genutzt werden d\u00fcrfen, die sie nicht brauchen. Das alles soll <strong>ohne gro\u00dfen Verwaltungsaufwand<\/strong> betrieben werden k\u00f6nnen, weil es ungerecht und ineffizient w\u00e4re, wenn diejenigen, deren Schutz diese Ma\u00dfnahme in erster Linie dienen soll, ihn gar nicht erhalten k\u00f6nnen, weil sie zum Beispiel <strong>sinnlose Formulare<\/strong> ausf\u00fcllen m\u00fcssen \u2013 ein <strong>in Deutschland besonders beliebtes Spielchen!<\/strong><\/p>\n\n\n\n<h2 class=\"wp-block-heading\"><strong>Was wird uns die Kommission bescheren?<\/strong><\/h2>\n\n\n\n<p>Die wird in den n\u00e4chsten Tagen \u2013 vorgesehen ist so etwa <strong>Montag der 10. Oktober<\/strong> oder einige Tage danach \u2013 ein durchdachtes <strong>L\u00f6sungspaket<\/strong> vorlegen; wir werden diesen Blogpost dann sofort erg\u00e4nzen.<\/p>\n\n\n\n<p>Es wird ja schon seit langem dar\u00fcber <a href=\"https:\/\/www.wirtschaftsdienst.eu\/inhalt\/jahr\/2022\/heft\/8\/beitrag\/hoechste-zeit-fuer-einen-gaspreisdeckel-ein-wichtiges-instrument-im-kampf-gegen-energiepreisbelastung.html\" data-type=\"URL\" data-id=\"https:\/\/www.wirtschaftsdienst.eu\/inhalt\/jahr\/2022\/heft\/8\/beitrag\/hoechste-zeit-fuer-einen-gaspreisdeckel-ein-wichtiges-instrument-im-kampf-gegen-energiepreisbelastung.html\">diskutiert<\/a>, dass wir wahrscheinlich neben einer ganzen Reihe von <strong>schnellen Ma\u00dfnahmen<\/strong>, die politisch ohne gr\u00f6\u00dferen Aufwand machbar sein w\u00fcrden, ein System der <strong>Kontingentierung<\/strong> bekommen werden. Ein bestimmter Teil des vorherigen Aufwandes an Gas wird, wie oben skizziert, <strong>subventioniert<\/strong> und damit der <strong>Preis<\/strong>, wenn auch auf hohem Niveau, <strong>festgeschrieben<\/strong>. Damit k\u00f6nnen Verbraucher, Handwerker, Dienstleister und kleine und mittlere Betriebe dann <strong>rechnen und arbeiten<\/strong>. In der gerade anlaufenden Heizperiode sollen m\u00f6glicherweise alle <strong>20 Millionen Gaskunden<\/strong> einige Cent Rabatt (so etwa 4) auf den Preis bekommen, den sie pro Kilowattstunde zahlen<\/p>\n\n\n\n<p>Verbr\u00e4uche dar\u00fcber hinaus werden zum <strong>Marktpreis<\/strong> erh\u00e4ltlich sein, aber das Ganze wird so strukturiert sein, dass es zum <strong>Sparen<\/strong> zwingt.<\/p>\n\n\n\n<p>Die <strong>europ\u00e4ische Kommission<\/strong> hat sich schon weitgehend <a href=\"https:\/\/efahrer.chip.de\/news\/maximal-18-cent-eu-zieht-endlich-die-strompreis-bremse_109685\" data-type=\"URL\" data-id=\"https:\/\/efahrer.chip.de\/news\/maximal-18-cent-eu-zieht-endlich-die-strompreis-bremse_109685\">entschieden<\/a>. Zum <strong>Strompreis<\/strong> lesen wir:<\/p>\n\n\n\n<blockquote class=\"wp-block-quote has-cyan-bluish-gray-background-color has-background is-layout-flow wp-block-quote-is-layout-flow\"><p><em>&#8222;Der Rat hat sich darauf geeinigt, die Markterl\u00f6se f\u00fcr Stromerzeuger, einschlie\u00dflich Zwischenh\u00e4ndlern, die so genannte inframarginale Technologien wie&nbsp;<strong>erneuerbare Energien, Kernkraft und Braunkohle zur Stromerzeugung einsetzen, auf 180 Euro\/MWh zu begrenzen<\/strong>. Diese Betreiber haben in den letzten Monaten unerwartet gro\u00dfe finanzielle Gewinne erzielt, ohne dass ihre Betriebskosten gestiegen sind. Das liegt an der Rolle von Kohle und Gas als preisbestimmende Grenzquellen, die derzeit den Endpreis f\u00fcr Strom in die H\u00f6he treiben&#8220;,<\/em><\/p><\/blockquote>\n\n\n\n<p>Und zur <strong>Gewinnabsch\u00f6pfung<\/strong>:<\/p>\n\n\n\n<blockquote class=\"wp-block-quote has-cyan-bluish-gray-background-color has-background is-layout-flow wp-block-quote-is-layout-flow\"><p><em>Energieunternehmen, die mit Erdgas, Erd\u00f6l oder anderen fossilen Brennstoffen Energie produzieren, sollen k\u00fcnftig auch einen&nbsp;<strong>Solidarit\u00e4tsbeitrag<\/strong>&nbsp;zahlen. Dieser ist erforderlich, wenn das Unternehmen&nbsp;<strong>mehr als 20 Prozent zus\u00e4tzliche Gewinne im Vergleich zu den Durchschnittswerten seit 2018&nbsp;<\/strong>erzielt hat. Fossile Energieunternehmen, die also in den vergangenen Jahren \u00fcberdurchschnittlich hohe Gewinne erzielt haben, m\u00fcssen einen Teil davon als Solidarit\u00e4tsbeitrag abgeben.<\/em><\/p><\/blockquote>\n\n\n\n<h2 class=\"wp-block-heading\"><strong>Kriegen die <a href=\"https:\/\/de.wikipedia.org\/wiki\/Die_Drei_von_der_Tankstelle_(1955)\" data-type=\"URL\" data-id=\"https:\/\/de.wikipedia.org\/wiki\/Die_Drei_von_der_Tankstelle_(1955)\">3 von der Tankstelle <\/a>das dann auch hin?<\/strong><\/h2>\n\n\n\n<p>Die kennen die Probleme schon <strong>seit Monaten<\/strong> und diskutieren sie seit Monaten, allerdings <strong>kontrovers<\/strong> und unn\u00f6tiger Weise <a href=\"https:\/\/www.merkur.de\/wirtschaft\/energiekrise-robert-habeck-beklagt-hohe-gaspreise-und-verkauft-buerger-fuer-dumm-91831857.html\" data-type=\"URL\" data-id=\"https:\/\/www.merkur.de\/wirtschaft\/energiekrise-robert-habeck-beklagt-hohe-gaspreise-und-verkauft-buerger-fuer-dumm-91831857.html\"><strong>parteipolitisch<\/strong> <\/a>anstatt gesamtpolitisch. Insbesondere der sehr sympathische aber in seinem Amt <a href=\"https:\/\/blackout-news.de\/aktuelles\/industriemanager-verzweifeln-an-unkenntnis-im-wirtschaftsministerium\/\" data-type=\"URL\" data-id=\"https:\/\/blackout-news.de\/aktuelles\/industriemanager-verzweifeln-an-unkenntnis-im-wirtschaftsministerium\/\">fehl besetzte <\/a>Herr Habeck schielt so intensiv auf seine <strong>gr\u00fcne Basis<\/strong>, dass er nicht in der Lage ist, die notwendige Verwendung der <strong>Kernenergie<\/strong> voll umf\u00e4nglich und vern\u00fcnftig durchzusetzen \u2013 leider ist gerade mal wieder <strong>Wahlkampf<\/strong>.<\/p>\n\n\n\n<p>Au\u00dferdem hat er mit der <strong><a href=\"https:\/\/juni-consult.de\/?p=499\" data-type=\"URL\" data-id=\"https:\/\/juni-consult.de\/?p=499\">uns\u00e4glichen Gasumlage<\/a><\/strong> bewiesen, dass er, wahrscheinlich wegen der vielen <strong>neuen und weitgehend inkompetenten parteipolitisch ausgesuchten <a href=\"https:\/\/blackout-news.de\/aktuelles\/industriemanager-verzweifeln-an-unkenntnis-im-wirtschaftsministerium\/\" data-type=\"URL\" data-id=\"https:\/\/blackout-news.de\/aktuelles\/industriemanager-verzweifeln-an-unkenntnis-im-wirtschaftsministerium\/\">Mitarbeiter<\/a><\/strong>, aber auch <strong>mangelhafter eigener Durchdringung<\/strong> der Materie, Arbeiten abliefern kann, die wieder einkassiert werden m\u00fcssen, nachdem sie <strong>ziemlich viel gekostet<\/strong> und eine profunde <strong>Unsicherheit<\/strong> hinterlassen haben.<\/p>\n\n\n\n<p>Auch unser Vertrauen in Herrn <strong>Lindner<\/strong>, immerhin <strong>Finanzminister<\/strong>, leidet erheblich, wenn man so h\u00f6rt und liest, was er von sich gibt. Ein sch\u00f6nes <a href=\"https:\/\/www.tagesschau.de\/inland\/lindner-gas-gaspreisdeckel-eu-energiekrise-101.html\" data-type=\"URL\" data-id=\"https:\/\/www.tagesschau.de\/inland\/lindner-gas-gaspreisdeckel-eu-energiekrise-101.html\">Beispiel <\/a>ist dies:<\/p>\n\n\n\n<blockquote class=\"wp-block-quote has-cyan-bluish-gray-background-color has-background is-layout-flow wp-block-quote-is-layout-flow\"><p><em>&#8222;Bezogen auf die Gasimporte ist meine Pr\u00fcfidee, dass die EU eine Art atmenden Deckel f\u00fcr Importgas einf\u00fchrt.&#8220;&nbsp; <\/em>Ein solcher Deckel m\u00fcsse<em> &#8222;sp\u00fcrbar oberhalb des Weltmarktpreises f\u00fcr Fl\u00fcssiggas liegen&#8220;, denn es muss vermieden werden, dass die Gastanker abdrehen und nach Asien statt nach Europa fahren.&nbsp; Mit einem solchen Instrument k\u00f6nne es gelingen, &#8222;die absurden Preisspitzen abzuschneiden\u201c.<\/em><\/p><\/blockquote>\n\n\n\n<p>Was, mit Verlaub, ist denn so eine \u201ePr\u00fcfidee\u201c \u2013 was immer das sein mag &#8211; f\u00fcr ein <strong>Unsinn<\/strong>?<\/p>\n\n\n\n<p>Klar ist, wie wir oben schon gesagt haben, dass Deutschland auf dem Weltmarkt den <strong>Fl\u00fcssiggasverk\u00e4ufern<\/strong> immer mehr bieten muss als die anderen K\u00e4ufer, damit die eben <strong>an uns verkaufen<\/strong>, weil sie bei uns am meisten kriegen. Das kann aber dann nicht der f\u00fcr uns zwischen Gaslieferanten und Verbraucher im Inland geltende \u201e<strong>atmende Deckel<\/strong>\u201c sein. Im <strong>Gegenteil<\/strong> \u2013 das ist ein <strong>Preistreiber-Deckel<\/strong>! Wie der \u201ePreisspitzen\u201c abschneiden soll, bleibt das Geheimnis des Ministers.<\/p>\n\n\n\n<h2 class=\"wp-block-heading\"><strong>Deshalb unsere Prophezeiung:<\/strong><\/h2>\n\n\n\n<p>Wir werden <strong>einige vern\u00fcnftige Regelungen<\/strong> kriegen, und <strong>einige unvern\u00fcnftige<\/strong> Regelungen, und werden <strong>etwas weniger f\u00fcr Strom und Gas<\/strong> bezahlen, aber immer noch <strong>mehr<\/strong>, als viele von uns sich das leisten k\u00f6nnen. Viele von denen, die Hilfe brauchen, werden sie entweder <strong>gar nicht kriegen<\/strong> oder <strong>zu wenig<\/strong>, und etliche von uns werden Hilfen kriegen, <strong>die sie nicht brauchen<\/strong> und dann hoffentlich spenden. Das Ganze wird <strong>m\u00fchselig<\/strong>, <strong>belastend mit Formularen<\/strong> und <strong>Beh\u00f6rdeng\u00e4ngen<\/strong>, und somit erheblichen <strong>Verwaltungskosten<\/strong> daherkommen.<\/p>\n\n\n\n<p>Das werden wir noch in den n\u00e4chsten beiden Jahren erleben, bis die <strong>erneuerbaren<\/strong> <strong>Energien<\/strong> (ein bl\u00f6des Wort, weil die ja gar nicht erneuerbar sind \u2013 aber man wei\u00df ja was gemeint ist!) soweit sind, dass Deutschland sich energetisch wieder berappelt hat.<\/p>\n\n\n\n<p>In der <strong>Zwischenzeit<\/strong> werden wir mit Sicherheit <strong>N\u00f6rgeleien<\/strong> unserer europ\u00e4ischen <strong>Nachbarn<\/strong>, vielleicht auch von <strong>vielen anderen<\/strong>, ertragen m\u00fcssen, wenn nicht gar unangenehme <strong>Auseinandersetzungen<\/strong>.<\/p>\n\n\n\n<p>Und unserer <strong>Wirtschaft<\/strong> wird es insgesamt <strong>gro\u00dfe Probleme<\/strong> bereiten.<\/p>\n\n\n\n<p>Mit anderen Worten: <strong>Scholz hat mal wieder versprochen was er sicher nicht halten kann!<\/strong><\/p>\n\n\n\n<blockquote class=\"wp-block-quote is-style-plain has-cyan-bluish-gray-background-color has-background is-layout-flow wp-block-quote-is-layout-flow\"><p><strong>Aber jedes Volk hat halt die Regierung die es verdient!<\/strong><\/p><\/blockquote>\n\n\n\n<p><strong>(<em>Joseph Marie de Maistre<\/em><\/strong>&nbsp;\u2013 franz\u00f6sischer Schriftsteller, Diplomat, Staats- und Geschichtsphilosoph (1753 \u2013 1821))<\/p>\n\n\n\n<p>Ihr einigerma\u00dfen besorgter<\/p>\n\n\n\n<p>Dr. &nbsp;Wolfgang Lipps<\/p>\n\n\n\n<h2 class=\"has-vivid-red-color has-text-color wp-block-heading\"><strong>Erster<\/strong> <strong>Nachtrag 11.10.2022<\/strong><\/h2>\n\n\n\n<p>Genauso, wie wir das prophezeit haben, f\u00e4llt der 1. <a href=\"https:\/\/www.faz.net\/aktuell\/wirtschaft\/energiekrise-eine-gaspreisbremse-mit-tuecken-18376679.html?printPagedArticle=true#pageIndex_2\" data-type=\"URL\" data-id=\"https:\/\/www.faz.net\/aktuell\/wirtschaft\/energiekrise-eine-gaspreisbremse-mit-tuecken-18376679.html?printPagedArticle=true#pageIndex_2\">Zwischenbericht <\/a>der Kommission aus:<\/p>\n\n\n\n<p><strong>Einmalige \u00dcbernahme der Abschlagszahlung f\u00fcr Privatkunden sowie kleinere gewerbliche Gasverbraucher f\u00fcr Dezember 2022<\/strong>, Kosten etwa <strong>5 Milliarden<\/strong> EURO. In den kalten Monaten <strong>Januar und Februar<\/strong> m\u00fcssen sie die hohen Gaspreise also vollst\u00e4ndig <strong>selbst<\/strong> <strong>zahlen<\/strong> \u2013 und bestenfalls viel Gas einsparen.&nbsp;F\u00fcr Mehrfamilienh\u00e4user wird wie bisher umgelegt. Hier f\u00e4llt ziemlich viel <strong>Aufwand<\/strong> an.<\/p>\n\n\n\n<p>Eine echte&nbsp;<strong>Gaspreisbremse<\/strong> greift erst in der zweiten Stufe von <strong>Fr\u00fchjahr 2023 bis Ende April 2024<\/strong>. In dieser Zeit \u00fcbernimmt der Staat f\u00fcr Privatkunden sowie f\u00fcr kleine und mittlere Unternehmen f\u00fcr <strong>80 Prozent<\/strong> des Vorjahresverbrauchs alle Gaskosten, die <strong>\u00fcber einen Preis von 12 Cent<\/strong> je Kilowattstunde hinausgehen. Vor dem russischen \u00dcberfall auf die Ukraine betrug der Tarif etwa 7 Cent, derzeit steigt er auf 20 bis 30 Cent.&nbsp;Der Preisdeckel wird auch f\u00fcr <strong>Fernw\u00e4rmekunden<\/strong> gelten, dort betr\u00e4gt er <strong>9,5 Cent je Kilowattstunde<\/strong>. Inklusive der <strong>5 Milliarden<\/strong> Einmalzahlung im Dezember ist als Entlastung f\u00fcr Private und Gewerbetreibende insgesamt eine Summe von <strong>66 Milliarden Euro <\/strong>vorgesehen.<\/p>\n\n\n\n<p>Der Vorschlag der Kommission f\u00fcr die 24.000 bis 25.000 <strong>industriellen<\/strong> <strong>Gro\u00dfabnehmer<\/strong> mit mehr als 1,5 Megawattstunden Verbrauch im Jahr greift vom 1. Januar kommenden Jahres an. Hier deckelt die Regierung <strong>70 Prozent<\/strong> des Vorjahresverbrauchs auf <strong>7 Cent je Kilowattstunde<\/strong>.<\/p>\n\n\n\n<p><strong>Gesamtkosten<\/strong>: <strong>ca. 96 Milliarden EURO<\/strong>.<\/p>\n\n\n\n<p class=\"has-vivid-red-color has-text-color\"><strong>Unser 1. Fazit:<\/strong><\/p>\n\n\n\n<p class=\"has-vivid-red-color has-text-color\"><strong>Ziemlich viel Gie\u00dfkanne, daher wenig einzelfallgerecht, administrativ sehr teuer, letztlich sehr begrenzte Entlastung \u2013 aber wahrscheinlich ist mehr halt einfach nicht drin.<\/strong><\/p>\n","protected":false},"excerpt":{"rendered":"<p>\u201eDie Drei von der Tankstelle\u201c Vor wenigen Tagen, am 30. September, hat unser aller Bundeskanzler Olaf Scholz, zusammen mit den<\/p>\n","protected":false},"author":1,"featured_media":510,"comment_status":"open","ping_status":"closed","sticky":false,"template":"","format":"standard","meta":{"colormag_page_container_layout":"default_layout","colormag_page_sidebar_layout":"default_layout","footnotes":""},"categories":[1],"tags":[53,54,48,51,52],"class_list":["post-505","post","type-post","status-publish","format-standard","has-post-thumbnail","hentry","category-allgemein","tag-doppekwumms","tag-gaspreisbremse","tag-habeck","tag-lindner","tag-wumms"],"_links":{"self":[{"href":"https:\/\/juni-consult.de\/index.php?rest_route=\/wp\/v2\/posts\/505","targetHints":{"allow":["GET"]}}],"collection":[{"href":"https:\/\/juni-consult.de\/index.php?rest_route=\/wp\/v2\/posts"}],"about":[{"href":"https:\/\/juni-consult.de\/index.php?rest_route=\/wp\/v2\/types\/post"}],"author":[{"embeddable":true,"href":"https:\/\/juni-consult.de\/index.php?rest_route=\/wp\/v2\/users\/1"}],"replies":[{"embeddable":true,"href":"https:\/\/juni-consult.de\/index.php?rest_route=%2Fwp%2Fv2%2Fcomments&post=505"}],"version-history":[{"count":11,"href":"https:\/\/juni-consult.de\/index.php?rest_route=\/wp\/v2\/posts\/505\/revisions"}],"predecessor-version":[{"id":522,"href":"https:\/\/juni-consult.de\/index.php?rest_route=\/wp\/v2\/posts\/505\/revisions\/522"}],"wp:featuredmedia":[{"embeddable":true,"href":"https:\/\/juni-consult.de\/index.php?rest_route=\/wp\/v2\/media\/510"}],"wp:attachment":[{"href":"https:\/\/juni-consult.de\/index.php?rest_route=%2Fwp%2Fv2%2Fmedia&parent=505"}],"wp:term":[{"taxonomy":"category","embeddable":true,"href":"https:\/\/juni-consult.de\/index.php?rest_route=%2Fwp%2Fv2%2Fcategories&post=505"},{"taxonomy":"post_tag","embeddable":true,"href":"https:\/\/juni-consult.de\/index.php?rest_route=%2Fwp%2Fv2%2Ftags&post=505"}],"curies":[{"name":"wp","href":"https:\/\/api.w.org\/{rel}","templated":true}]}}