{"id":488,"date":"2022-07-03T11:01:59","date_gmt":"2022-07-03T11:01:59","guid":{"rendered":"https:\/\/juni-consult.de\/?p=488"},"modified":"2022-07-06T10:11:46","modified_gmt":"2022-07-06T10:11:46","slug":"offener-brief-an-scholz-der-4-oder-so","status":"publish","type":"post","link":"https:\/\/juni-consult.de\/?p=488","title":{"rendered":"Offener Brief an Scholz \u2013 der 4. oder so!"},"content":{"rendered":"\n<p><\/p>\n\n\n\n<h2 class=\"has-text-align-left wp-block-heading\"><strong>Der Auftrag an JUN.i-Consult.<\/strong><\/h2>\n\n\n\n<p>Vor wenigen Tagen erhielten wir folgende <strong>Email<\/strong>:<\/p>\n\n\n\n<p><em>Sehr geehrte Damen und Herren,<\/em><\/p>\n\n\n\n<p><em>unsere Geschicke liegen nun einmal in der Hand der \u201eAmpel-Regierung\u201c, letztlich unseres Bundeskanzlers. Der wird viel gescholten, weil er angeblich immer nur im Ungef\u00e4hren bliebe und Angek\u00fcndigtes nicht oder nur im Schneckentempo ausf\u00fchre. Das mag man sehen wie man will.<\/em><\/p>\n\n\n\n<p><em>Er wird aber auch daf\u00fcr gescholten, dass er auf klare Fragen nie eine klare Antwort geben w\u00fcrde. Das ist definitiv falsch und zur\u00fcckzuweisen.<\/em><\/p>\n\n\n\n<p><em>Denn: auf die Frage, ob er etwas zu Sicherheitsgarantien sagen k\u00f6nne, sagte er \u201eJa\u201c und weiter nix. Und auf die Frage, ob er uns Empfehlungen zum Energiesparen geben k\u00f6nne, sagte er \u201eN\u00f6\u201c und weiter nix.<\/em><\/p>\n\n\n\n<p><em>Beide Antworten waren zwar knapp aber inhaltlich v\u00f6llig richtig.<\/em><\/p>\n\n\n\n<p><em>Um mit Martin Luther zu sprechen: Iss was gar ist, trink was klar ist, red was wahr ist!<\/em><\/p>\n\n\n\n<p><em>Dieser Aphorismus trifft unseres Erachtens auch auf Ihren JUN.I-Blog zu. Deshalb haben wir Sie ausgesucht, unseren wichtigen \u201eOffenen Brief\u201c an den Herrn Bundeskanzler erstmalig im Netz zu ver\u00f6ffentlichen.<\/em><\/p>\n\n\n\n<p><em>Mit freundlichen Gr\u00fc\u00dfen<\/em><\/p>\n\n\n\n<p><em>Ihre<\/em><\/p>\n\n\n\n<p><em>Alice Weisser (Journalistin)\u00a0\u00a0\u00a0\u00a0\u00a0\u00a0\u00a0\u00a0\u00a0 Dr. phil Richard D. Schlecht (Philosoph)<\/em><\/p>\n\n\n\n<h2 class=\"wp-block-heading\"><strong>Disclaimer<\/strong><\/h2>\n\n\n\n<p>Als <strong>Publikationsorgan <\/strong>im Internet nehmen wir, <strong>nach sorgf\u00e4ltiger Inhaltskontrolle<\/strong>, nat\u00fcrlich derartige Publikationsw\u00fcnsche an. Wir betonen jedoch, dass es sich bei unterzeichneten <strong>Dokumenten niemals <\/strong>um <strong>unsere Meinung<\/strong> handelt, sondern ausschlie\u00dflich um die der jeweiligen Unterzeichner.<\/p>\n\n\n\n<p>Auf dieser Grundlage geben wir den nachfolgenden offenen Brief wieder.<\/p>\n\n\n\n<h2 class=\"wp-block-heading\"><strong>Der Offene Brief<\/strong><\/h2>\n\n\n\n<p><em>Sehr geehrter Herr Bundeskanzler,<\/em><\/p>\n\n\n\n<p><em>\u201ewir <a href=\"https:\/\/www.emma.de\/artikel\/offener-brief-bundeskanzler-scholz-339463\">begr\u00fc\u00dfen<\/a>, dass Sie bisher so genau die Risiken bedacht hatten. Wir teilen auch die \u00dcberzeugung, dass es eine prinzipielle politisch-moralische Pflicht gibt, vor aggressiver Gewalt nicht ohne Gegenwehr zur\u00fcckzuweichen.\u201c<\/em><\/p>\n\n\n\n<p><em>Wir, das deutsche Volk und seine B\u00fcrgerinnen und B\u00fcrger, aber auch zahlreiche andere L\u00e4nder der Erde, sehen sich seit geraumer Zeit einem rechtswidrigen, ja v\u00f6lkerrechtswidrigen und v\u00f6llig unprovozierten Angriff ausgesetzt: dem des <strong>Corona-Virus!<\/strong><\/em><\/p>\n\n\n\n<p><em>Mit anderen Worten: <strong>wir befinden uns in einem Krieg gegen SARS CoV 2, <\/strong>das Virus!<\/em><\/p>\n\n\n\n<p><em>Die <a href=\"https:\/\/www.zeit.de\/2022\/27\/ukraine-krieg-frieden-waffenstillstand\">Folgen <\/a>dieses Krieges sind massiv und un\u00fcbersehbar. \u201eSeine Fortf\u00fchrung verursacht massive humanit\u00e4re, \u00f6konomische und \u00f6kologische Notlagen auf der ganzen Welt. In Afrika droht eine Hungerkatastrophe, die Millionen von Menschenleben kosten kann. Rasant gestiegene Preise, Energie- und Nahrungsmangel haben in vielen L\u00e4ndern bereits zu Unruhen gef\u00fchrt.<\/em><\/p>\n\n\n\n<p><em>Bislang wird dieser Krieg, insbesondere durch Ihren <strong>Gesundheitsminister<\/strong>, mit einem <strong>massiven Einsatz von Abwehrma\u00dfnahmen<\/strong> gef\u00fchrt: <strong>Ausgehbeschr\u00e4nkungen<\/strong>, <strong>Kontaktvorschriften<\/strong>, <strong>Maskenpflicht<\/strong>, h\u00f6chst suggestive <strong>Impfaufforderungen<\/strong>, <strong>Schulschlie\u00dfungen <\/strong>usw. Die galten teils <strong>streng<\/strong>, wurden dann <strong>gelockert<\/strong>, <strong>dr\u00e4uen <\/strong>aber in den ministeriellen Verlautbarungen s<strong>chon wieder im Hintergrund.<\/strong><\/em><\/p>\n\n\n\n<p><em><strong>Das, verehrter Herr Bundeskanzler, geht so nicht weiter.<\/strong><\/em><\/p>\n\n\n\n<h2 class=\"wp-block-heading\"><em>Deshalb unser Apell:<\/em><\/h2>\n\n\n\n<blockquote class=\"wp-block-quote is-layout-flow wp-block-quote-is-layout-flow\"><p><em>Pfeifen Sie Ihren Gesundheitsminister zur\u00fcck, stoppen Sie die Ausgaben f\u00fcr weitere Gesundheitsma\u00dfnahmen, schlie\u00dfen Sie die Testzentren und Impfstationen! Halten Sie inne!<\/em><\/p><\/blockquote>\n\n\n\n<p><em>Statt dessen: <strong>treten Sie endlich in Verhandlungen mit dem Virus ein<\/strong> mit dem Ziel, die <strong>Attacken auf unsere Gesundheit zu beenden <\/strong>und eine <strong>friedliche Koexistenz <\/strong>mit ihm und seinem <strong>Kumpel aus der Affenszene <\/strong>herbeizuf\u00fchren.<\/em><\/p>\n\n\n\n<p><em>\u201e<strong>Es gilt, bei allen Unterschieden, einen weltweiten Frieden anzustreben. Der europ\u00e4ische Ansatz der gemeinsamen Vielfalt ist hierf\u00fcr ein Vorbild. Der Westen muss alles daransetzen, dass die Parteien zu einer zeitnahen Verhandlungsl\u00f6sung kommen. Bislang ist kein konzertierter Vorsto\u00df der internationalen Gemeinschaft, insbesondere der gro\u00dfen westlichen Akteure, erfolgt, um Verhandlungen auf den Weg zu bringen. Solange dies nicht der Fall ist, kann nicht davon ausgegangen werden, dass eine Verst\u00e4ndigung unm\u00f6glich ist.<\/strong>\u201c<\/em><\/p>\n\n\n\n<blockquote class=\"wp-block-quote is-layout-flow wp-block-quote-is-layout-flow\"><p><em>Mit anderen Worten: vielleicht redet das Virus ja mit uns!<\/em><\/p><\/blockquote>\n\n\n\n<p><em><strong>\u201eWir sind, sehr verehrter Herr Bundeskanzler, \u00fcberzeugt, dass gerade der Regierungschef von Deutschland entscheidend zu einer L\u00f6sung beitragen kann, die auch vor dem Urteil der Geschichte Bestand hat. Nicht nur mit Blick auf unsere heutige (Wirtschafts)Macht, sondern auch in Anbetracht unserer historischen Verantwortung &#8211; und in der Hoffnung auf eine gemeinsame friedliche Zukunft.<\/strong><\/em><\/p>\n\n\n\n<p><em><strong>Wir hoffen und z\u00e4hlen auf Sie!<\/strong><\/em><\/p>\n\n\n\n<p><em>Hochachtungsvoll\u201c<\/em><\/p>\n\n\n\n<p><em>(<strong>Auszug<\/strong>):<\/em><\/p>\n\n\n\n<p><em>Lars Eggthinger, Schauspieler<\/em><\/p>\n\n\n\n<ul class=\"wp-block-list\"><li><em>Dr. Svenja Flachpuhler, Philosophin<\/em><\/li><li><em>Alice Weisser (Journalistin)<\/em><\/li><li><em>Dr. phil Richard D. Schlecht (Philosoph)<\/em><\/li><li><em>Alexander Schlauberger, Intellektueller<\/em><\/li><li><em>Dieter Einzig, Kabarettist<\/em><\/li><li><em>Prof. Harald Rumschlepper, Sozialpsychologe<\/em><\/li><li><em>Ranga Jodeswars, Wissenschaftsjournalist<\/em><\/li><li><em>Juli Finger, Schriftstellerin<\/em><\/li><\/ul>\n\n\n\n<p><em><strong>\u2026\u2026..und viele Andere\u2026<\/strong><\/em><\/p>\n\n\n\n<h2 class=\"wp-block-heading\"><strong>Unsere Anmerkungen<\/strong><\/h2>\n\n\n\n<p>Uns ist bewusst, dass uns allein schon dieser <strong>Publikationsdienst<\/strong>, ohne eigene Meinung, einigen <strong>\u00c4rger <\/strong>einbringen wird. Herr <strong><em>Melnyk <\/em><\/strong>wird uns einen \u201e<strong>Haufen pseudointellektueller Versager<\/strong>\u201c schimpfen. Frau <em><a href=\"https:\/\/www.deutschlandfunkkultur.de\/offener-brief-marinic-100.html\"><strong>Marinic <\/strong><\/a><\/em>wird sagen, die Unterzeichner s\u00e4\u00dfen irgendwo in Brandenburg und demn\u00e4chst in der Talkshow bei Markus Lanz und d\u00fcrften \u00fcberall sagen, dass Frieden doch so sch\u00f6n w\u00e4re. Wahrscheinlich wird\u2019s wieder <strong><a href=\"https:\/\/www.piqd.de\/medien-gesellschaft\/offene-briefe-die-okonomie-der-unterzeichneritis\">hei\u00dfen<\/a><\/strong>, dass Unterzeichner, auf ihre Unterschrift angesprochen, zugeben, dass sie den Brief nicht gelesen und sich nur der Herde angeschlossen haben, mit der sie gerne in einem Atemzug genannt werden (Beispiel Alexander Kluge). Sei es, dass sie, wenn sie Kritik erfahren, in gro\u00dfen Publikationen dar\u00fcber klagen d\u00fcrfen, wie gemein die Gesellschaft geworden ist (Wolfgang Merkel), oder warum sie ihre Unterschrift jetzt doch zur\u00fcckziehen (Katja Lange-M\u00fcller). Oder ganz einfach: \u201e<a href=\"https:\/\/taz.de\/Neuer-offener-Brief-zu-Russlands-Krieg\/!5861272\/\">Gutes Zureden <\/a>hilft da nicht\u201c:<\/p>\n\n\n\n<p><strong>Aber da m\u00fcssen wir, m\u00fcssen die Unterzeichner, durch!<\/strong><\/p>\n\n\n\n<blockquote class=\"wp-block-quote is-layout-flow wp-block-quote-is-layout-flow\"><p>\u201eBilden Sie sich eine Meinung!\u201c<\/p><\/blockquote>\n\n\n\n<p>Ihr Dr. Wolfgang Lipps<\/p>\n","protected":false},"excerpt":{"rendered":"<p>Der Auftrag an JUN.i-Consult. Vor wenigen Tagen erhielten wir folgende Email: Sehr geehrte Damen und Herren, unsere Geschicke liegen nun<\/p>\n","protected":false},"author":1,"featured_media":491,"comment_status":"open","ping_status":"closed","sticky":false,"template":"","format":"standard","meta":{"colormag_page_container_layout":"default_layout","colormag_page_sidebar_layout":"default_layout","footnotes":""},"categories":[1],"tags":[],"class_list":["post-488","post","type-post","status-publish","format-standard","has-post-thumbnail","hentry","category-allgemein"],"_links":{"self":[{"href":"https:\/\/juni-consult.de\/index.php?rest_route=\/wp\/v2\/posts\/488","targetHints":{"allow":["GET"]}}],"collection":[{"href":"https:\/\/juni-consult.de\/index.php?rest_route=\/wp\/v2\/posts"}],"about":[{"href":"https:\/\/juni-consult.de\/index.php?rest_route=\/wp\/v2\/types\/post"}],"author":[{"embeddable":true,"href":"https:\/\/juni-consult.de\/index.php?rest_route=\/wp\/v2\/users\/1"}],"replies":[{"embeddable":true,"href":"https:\/\/juni-consult.de\/index.php?rest_route=%2Fwp%2Fv2%2Fcomments&post=488"}],"version-history":[{"count":7,"href":"https:\/\/juni-consult.de\/index.php?rest_route=\/wp\/v2\/posts\/488\/revisions"}],"predecessor-version":[{"id":497,"href":"https:\/\/juni-consult.de\/index.php?rest_route=\/wp\/v2\/posts\/488\/revisions\/497"}],"wp:featuredmedia":[{"embeddable":true,"href":"https:\/\/juni-consult.de\/index.php?rest_route=\/wp\/v2\/media\/491"}],"wp:attachment":[{"href":"https:\/\/juni-consult.de\/index.php?rest_route=%2Fwp%2Fv2%2Fmedia&parent=488"}],"wp:term":[{"taxonomy":"category","embeddable":true,"href":"https:\/\/juni-consult.de\/index.php?rest_route=%2Fwp%2Fv2%2Fcategories&post=488"},{"taxonomy":"post_tag","embeddable":true,"href":"https:\/\/juni-consult.de\/index.php?rest_route=%2Fwp%2Fv2%2Ftags&post=488"}],"curies":[{"name":"wp","href":"https:\/\/api.w.org\/{rel}","templated":true}]}}