{"id":473,"date":"2022-04-10T13:10:23","date_gmt":"2022-04-10T13:10:23","guid":{"rendered":"https:\/\/juni-consult.de\/?p=473"},"modified":"2022-04-10T13:42:55","modified_gmt":"2022-04-10T13:42:55","slug":"brandenburger-eigenlobhudelei","status":"publish","type":"post","link":"https:\/\/juni-consult.de\/?p=473","title":{"rendered":"Brandenburger Eigenlobhudelei"},"content":{"rendered":"\n<h2 class=\"wp-block-heading\">Brandenburgs Kenia-Koalition lobt sich in einer Halbzeitbilanz selbst!<\/h2>\n\n\n\n<p>Am 5. April 2022 hat die regierende <strong><a href=\"https:\/\/www.rbb24.de\/politik\/wahl\/Landtagswahl\/beitraege\/brandenburg-kenia-koalitionsvertrag-unterschrieben.html\" data-type=\"URL\" data-id=\"https:\/\/www.rbb24.de\/politik\/wahl\/Landtagswahl\/beitraege\/brandenburg-kenia-koalitionsvertrag-unterschrieben.html\">Kenia-Koalition<\/a><\/strong> aus CDU, SPD und Gr\u00fcnen eine \u201e<strong><a href=\"https:\/\/www.brandenburg.de\/media_fast\/1167\/220405_HZB%20Landesregierung_Brandenburg.pdf\" data-type=\"URL\" data-id=\"https:\/\/www.brandenburg.de\/media_fast\/1167\/220405_HZB%20Landesregierung_Brandenburg.pdf\">Halbzeitbilanz<\/a><\/strong>\u201c ihrer bisherigen T\u00e4tigkeit ver\u00f6ffentlicht. Sie stellt sich darin \u2013 wie fr\u00fcher die Vorg\u00e4nger-Koalitionen Rot-Rot (2009 bis 2019) und Rot-Schwarz (1999 bis 2009) \u2013 erwartungsgem\u00e4\u00df selbst das Zeugnis aus,<strong> es trotz &#8222;<em>Dauerkrisenmodus<\/em>&#8220; <\/strong>bisher <strong>gut gemacht <\/strong>zu haben. Auf <strong>35 Seiten<\/strong> loben sich Ministerpr\u00e4sident <strong>Dietmar Woidke<\/strong> (SPD), Innenminister <strong>Michael St\u00fcbgen<\/strong> (CDU) und Gesundheitsministerin <strong>Ursula Nonnemacher<\/strong> (<a href=\"https:\/\/gruene-brandenburg.de\/halbzeit\/\" data-type=\"URL\" data-id=\"https:\/\/gruene-brandenburg.de\/halbzeit\/\">Gr\u00fcne<\/a>) wortreich selbst. Unter den Stichworten <strong>Zusammenhalt<\/strong>, <strong>Sicherheit <\/strong>und <strong>Nachhaltigkeit <\/strong>der Koalitionsvereinbarung von 2019 listen sie auf, was sie alles geschafft haben oder geschafft haben wollen, und was sie noch zu tun gedenken.<\/p>\n\n\n\n<p>Wie immer und durchaus verst\u00e4ndlicher Weise wird <strong><a href=\"https:\/\/www.brandenburg.de\/sixcms\/detail.php?gsid=bb1.c.736070.de\" data-type=\"URL\" data-id=\"https:\/\/www.brandenburg.de\/sixcms\/detail.php?gsid=bb1.c.736070.de\">Positives betont<\/a><\/strong> und <strong>Negatives schamhaft verschwiegen<\/strong> \u2013 sicherlich in der Hoffnung, die Medien w\u00fcrden den Miss<strong>mut der Opposition<\/strong> und die <strong>berechtigte Kritik<\/strong> nur am Rande erw\u00e4hnen.<\/p>\n\n\n\n<h2 class=\"wp-block-heading\">Diese Hoffnung ist nur zum Teil aufgegangen.<\/h2>\n\n\n\n<p>\u00dcber die <strong>negativen Kommentare<\/strong> der <strong>Opposition <\/strong>\u2013 in Brandenburg nur 38 Stimmen f\u00fcr <strong>AfD<\/strong> (23), <strong>Linke <\/strong>(10) und <strong>BVB \/ FW<\/strong> (5) gegen\u00fcber 50 Stimmen der Koalition \u2013 wird wenig berichtet; <strong>dass die meckern, ist klar<\/strong>. Aber im \u00dcbrigen wird zumeist nur \u00fcber die Fakten selbst <a href=\"https:\/\/www.rbb24.de\/politik\/beitrag\/2022\/04\/brandenburg-landesregierung-halbzeitbilanz-kenia-koalition.html\" data-type=\"URL\" data-id=\"https:\/\/www.rbb24.de\/politik\/beitrag\/2022\/04\/brandenburg-landesregierung-halbzeitbilanz-kenia-koalition.html\">berichtet<\/a>, mit wenigen kritischen Anmerkungen \u2013 denn so eine <strong>Selbstbeweihr\u00e4ucherung <\/strong>ist halt <strong>keine fetzige Nachricht<\/strong>.<\/p>\n\n\n\n<h2 class=\"wp-block-heading\">Das sehen wir aber anders.<\/h2>\n\n\n\n<p>Wir finden: eine Landesregierung darf nicht mit einer <strong>Friede-Freude-Eierkuchen-Selbstdarstellung<\/strong> ihre B\u00fcrgerinnen und B\u00fcrger \u201e<strong>hinter die Fichte f\u00fchren<\/strong>\u201c \u2013 allerdings, zugegeben, eine wohlfeile Haltung. Denn <strong>Ehrlichkeit und Transparenz <\/strong>h\u00e4tten wahrscheinlich zur Folge, dass die Herren Woidke und St\u00fcbgen und die Dame Nonnemacher <strong>dieses sch\u00f6ne Opus garnicht in\u00b4s Werk gesetzt <\/strong>h\u00e4tten.<\/p>\n\n\n\n<p>Denn einige <strong>h\u00f6chst negative Fakten <\/strong>fallen jetzt schlicht <strong>unter den Tisch<\/strong>.<\/p>\n\n\n\n<h2 class=\"wp-block-heading\">Nicht ganz, zum Gl\u00fcck.<\/h2>\n\n\n\n<p>Denn unter dem sch\u00f6nen Titel <strong>\u201e35 Seiten Eigenlob\u201c u<\/strong>nd dem Hinweis <strong>\u201eDer Blick zur\u00fcck reicht fast nur f\u00fcrs Positive\u201c<\/strong> schreibt <strong><em>Ulrich Thiessen<\/em><\/strong> auf S. 9 der <strong>M\u00e4rkischen Oderzeitung<\/strong> vom 6. April 2022:<\/p>\n\n\n\n<blockquote class=\"wp-block-quote is-layout-flow wp-block-quote-is-layout-flow\"><p>\u201eHerausgekommen ist ein Papier mit den eigenartigsten Lobhudeleien\u201c.<\/p><\/blockquote>\n\n\n\n<p>Dann weist der Artikel darauf hin, dass der Landesregierung zum <strong>BER <\/strong>weiter nichts einf\u00e4llt, als dass dieser in eine unternehmerisch erfolgreiche Zukunft begleitet wird, und kommentiert malizi\u00f6s:<\/p>\n\n\n\n<blockquote class=\"wp-block-quote is-layout-flow wp-block-quote-is-layout-flow\"><p>\u201eSo l\u00e4sst sich die finanziell desastr\u00f6se Lage der Gesellschaft nat\u00fcrlich auch beschreiben. Von L\u00f6sungsans\u00e4tzen kein Wort.\u201c<\/p><\/blockquote>\n\n\n\n<p>Richtig ist auch der Hinweis, dass das <strong>Landwirtschaftsministerium <\/strong>sich zwar f\u00fcr schnelle <strong>Coronahilfe <\/strong>lobt, aber kein Wort zu den ge\u00e4nderten F\u00f6rderbedingungen verliert, die zu <strong>hochgradigen Verunsicherungen<\/strong> und <strong>tausenden R\u00fcckzahlungen<\/strong> f\u00fchrten. Die <strong>abgesagte Kita-Reform<\/strong> ist ebenso wenig erw\u00e4hnt wie die Verschiebung des eigentlich f\u00fcr 2022 geplanten n\u00e4chsten <strong>beitragsfreien Kitajahres<\/strong>.<\/p>\n\n\n\n<p>Auch zitiert Thiessen den <strong>Vize-Regierungschef Michael St\u00fcbgen<\/strong> mit den Worten:<\/p>\n\n\n\n<blockquote class=\"wp-block-quote is-layout-flow wp-block-quote-is-layout-flow\"><p>\u201eDie Sparauflagen sind brutal.\u201c<\/p><\/blockquote>\n\n\n\n<p>und der weiteren mutigen Feststellung:<\/p>\n\n\n\n<blockquote class=\"wp-block-quote is-layout-flow wp-block-quote-is-layout-flow\"><p>\u201eEs ist nicht Auftrag der Politik, \u00fcber die Situation zu jammern.\u201c<\/p><\/blockquote>\n\n\n\n<p>Leider sind diese richtigen Hinweise von Thiessen <strong>keineswegs vollst\u00e4ndig<\/strong>. Vieles, das im <strong>Koalitionsvertrag versprochen <\/strong>wurde, wurde <strong>verschoben <\/strong>oder wird wahrscheinlich im Wesentlichen in dieser Legislaturperiode <strong>\u00fcberhaupt nicht mehr in Angriff genommen<\/strong> werden k\u00f6nnen, weil schlicht das <strong>Geld <\/strong>fehlt. Immerhin liegt Brandenburg im <strong>L\u00e4nderfinanzausgleich 2020 <\/strong>an <a href=\"https:\/\/de.statista.com\/statistik\/daten\/studie\/71763\/umfrage\/geber-und-empfaenger-beim-laenderfinanzausgleich\/\" data-type=\"URL\" data-id=\"https:\/\/de.statista.com\/statistik\/daten\/studie\/71763\/umfrage\/geber-und-empfaenger-beim-laenderfinanzausgleich\/\">sechster Stelle.<\/a><\/p>\n\n\n\n<h2 class=\"wp-block-heading\">Zwei Beispiele: ASP und Landesjagdgesetz<\/h2>\n\n\n\n<p>Was in dieser Selbstdarstellung unter anderem nat\u00fcrlich <strong>verschwiegen <\/strong>wird, ist die <strong><a href=\"https:\/\/jagdrechtsblog.com\/asp-amtsueberheblichkeit-steuerverschwendung-patzigkeit\/\" data-type=\"URL\" data-id=\"https:\/\/jagdrechtsblog.com\/asp-amtsueberheblichkeit-steuerverschwendung-patzigkeit\/\">katastrophale ASP-Politi<\/a>k <\/strong>der Minister <strong>Vogel <\/strong>und <strong>Nonnemacher<\/strong>. Die wird ausgerechnet im <strong>Kapitel Nachhaltigkeit<\/strong> gelobt, wiewohl sie angeblich <strong>55 Millionen \u20ac <\/strong>\u2013 tats\u00e4chlich wohl schon <strong>\u00fcber 64 Millionen \u20ac <\/strong>mit <strong>steigender Tendenz <\/strong>\u2013 gekostet hat &#8211; soviel zu &#8222;brutalen Sparauflagen&#8220;. Der <strong>angebliche Erfolg<\/strong> w\u00e4re n\u00e4mlich <strong>billiger <\/strong>und <strong>besser <\/strong>zu erzielen gewesen, wenn die verantwortlichen Minister und ihre nachgeordneten <strong>Kreisveterin\u00e4re <\/strong>einen <strong>vern\u00fcnftigen Grenzzaun zu Polen<\/strong> gezogen h\u00e4tten, und zwar <strong>rechtzeitig <\/strong>und an der <strong>richtigen Stelle<\/strong>, und diesen allenfalls noch durch einen nachgeordneten Zaun gesichert h\u00e4tten. Stattdessen wurde, wie wir das ja auch im Bund sehen, <strong>zu sp\u00e4t <\/strong>und <strong>zu halbherzig<\/strong> und am <strong>falschen Ort <\/strong>gebaut. Die Folgen sind u. a. vielfaches <strong><a href=\"https:\/\/jagdrechtsblog.com\/asp-zaeune-toeten-da-haben-wir-den-salat\/\" data-type=\"URL\" data-id=\"https:\/\/jagdrechtsblog.com\/asp-zaeune-toeten-da-haben-wir-den-salat\/\">Tierleid <\/a><\/strong>und eine <strong>unertr\u00e4gliche Zerst\u00fcckelung <\/strong>der Natur. Und verplempertes Geld, das jetzt bei den Kitas dauerhaft fehlt!<\/p>\n\n\n\n<p>Und ebenfalls <strong>kein Ruhmesblatt<\/strong> und deshalb <strong>schamhaft versch<\/strong>wiegen ist die Tatsache, dass aus dem Hause von Minister Vogel der <strong>Entwurf eines neuen <a href=\"https:\/\/jagdrechtsblog.com\/entwurf-landesjagdgesetz-aus-der-mottenkiste-der-geschichte\/\" data-type=\"URL\" data-id=\"https:\/\/jagdrechtsblog.com\/entwurf-landesjagdgesetz-aus-der-mottenkiste-der-geschichte\/\">Landesjagdgesetzes <\/a><\/strong>kommt, der nicht nur <strong>rundherum fehlerhaft<\/strong> ist, sondern so <strong><a href=\"https:\/\/jagdrechtsblog.com\/ist-dies-auch-schwachsinn-hat-es-doch-methode\/\" data-type=\"URL\" data-id=\"https:\/\/jagdrechtsblog.com\/ist-dies-auch-schwachsinn-hat-es-doch-methode\/\">d\u00e4mlich<\/a><\/strong>, dass es einem die Sprache verschl\u00e4gt. Hier soll doch tats\u00e4chlich, weitgehend <strong>unverst\u00e4ndlich<\/strong>, <strong>untauglich <\/strong>und <strong>rechtswidrig<\/strong>, das moderne Brandenburger Landesjagdrecht, eines der besten der Bundesrepublik, um rund 170 Jahre in die Zeit vor 1850 zur\u00fcckversetzt werden.<\/p>\n\n\n\n<p>Und so lie\u00dfe sich noch Vieles erw\u00e4hnen, aber:<\/p>\n\n\n\n<h2 class=\"wp-block-heading\">Genug ist erstmal genug!<\/h2>\n\n\n\n<p>Diese <strong>Selbstlobhudelei <\/strong>braucht kein Mensch. Wir sind sicher: die <strong>Gro\u00dfm\u00fctter <\/strong>der Herren Woidke und St\u00fcbgen oder der Frau Nonnenmacher h\u00e4tten bei der Lekt\u00fcre dieser 35 Seiten mild eine <strong>alte Volksweisheit<\/strong> zitiert:<\/p>\n\n\n\n<h2 class=\"wp-block-heading\">\u201eEigenlob stinkt.\u201c<\/h2>\n\n\n\n<p>Ihr<\/p>\n\n\n\n<p>Dr. Wolfgang Lipps<\/p>\n\n\n","protected":false},"excerpt":{"rendered":"<p>Die Brandenburger regierende Kenia-Koalition lobt sich zur Halbzeit selbst und beweihr\u00e4uchert sich dabei; Positives wird ausgewalzt, Negatives schlicht unterschlagen.<\/p>\n","protected":false},"author":1,"featured_media":485,"comment_status":"open","ping_status":"closed","sticky":false,"template":"","format":"standard","meta":{"colormag_page_container_layout":"default_layout","colormag_page_sidebar_layout":"default_layout","footnotes":""},"categories":[1],"tags":[43,18,41,38,33,42,36,32,40,39,35,37,34],"class_list":["post-473","post","type-post","status-publish","format-standard","has-post-thumbnail","hentry","category-allgemein","tag-asp-politik","tag-brandenburg","tag-daemlich","tag-eigenlob","tag-kenia-koalition","tag-landesjagdgesetz","tag-nonnemacher","tag-regierung","tag-selbsbeweihraeucherung","tag-selbstdarstellung","tag-stuebgen","tag-vogel","tag-woidke"],"_links":{"self":[{"href":"https:\/\/juni-consult.de\/index.php?rest_route=\/wp\/v2\/posts\/473","targetHints":{"allow":["GET"]}}],"collection":[{"href":"https:\/\/juni-consult.de\/index.php?rest_route=\/wp\/v2\/posts"}],"about":[{"href":"https:\/\/juni-consult.de\/index.php?rest_route=\/wp\/v2\/types\/post"}],"author":[{"embeddable":true,"href":"https:\/\/juni-consult.de\/index.php?rest_route=\/wp\/v2\/users\/1"}],"replies":[{"embeddable":true,"href":"https:\/\/juni-consult.de\/index.php?rest_route=%2Fwp%2Fv2%2Fcomments&post=473"}],"version-history":[{"count":8,"href":"https:\/\/juni-consult.de\/index.php?rest_route=\/wp\/v2\/posts\/473\/revisions"}],"predecessor-version":[{"id":486,"href":"https:\/\/juni-consult.de\/index.php?rest_route=\/wp\/v2\/posts\/473\/revisions\/486"}],"wp:featuredmedia":[{"embeddable":true,"href":"https:\/\/juni-consult.de\/index.php?rest_route=\/wp\/v2\/media\/485"}],"wp:attachment":[{"href":"https:\/\/juni-consult.de\/index.php?rest_route=%2Fwp%2Fv2%2Fmedia&parent=473"}],"wp:term":[{"taxonomy":"category","embeddable":true,"href":"https:\/\/juni-consult.de\/index.php?rest_route=%2Fwp%2Fv2%2Fcategories&post=473"},{"taxonomy":"post_tag","embeddable":true,"href":"https:\/\/juni-consult.de\/index.php?rest_route=%2Fwp%2Fv2%2Ftags&post=473"}],"curies":[{"name":"wp","href":"https:\/\/api.w.org\/{rel}","templated":true}]}}