{"id":418,"date":"2021-11-26T17:27:03","date_gmt":"2021-11-26T17:27:03","guid":{"rendered":"https:\/\/juni-consult.de\/?p=418"},"modified":"2021-12-14T13:13:38","modified_gmt":"2021-12-14T13:13:38","slug":"mehr-fortschritt-wagen-aber-zugleich-aussenamt-verramschen","status":"publish","type":"post","link":"https:\/\/juni-consult.de\/?p=418","title":{"rendered":"\u201eMehr Fortschritt wagen\u201c \u2013 aber zugleich \u201eAu\u00dfenamt verramschen\u201c!"},"content":{"rendered":"\n<p><\/p>\n\n\n\n<h2 class=\"wp-block-heading\"><strong>Annalena Baerbock ist als Au\u00dfenministerin eine krasse Fehlbesetzung!<\/strong><\/h2>\n\n\n\n<p>Das <strong>Ausw\u00e4rtige Amt<\/strong> bildet gemeinsam mit den Auslandsvertretungen des Bundes den sogenannten Ausw\u00e4rtigen Dienst; er nimmt die ausw\u00e4rtigen Angelegenheiten des Bundes wahr, indem er die Beziehungen der Bundesrepublik Deutschland zu ausw\u00e4rtigen Staaten sowie zwischenstaatlichen und \u00fcberstaatlichen Einrichtungen, den Internationalen Organisationen, pflegt.<\/p>\n\n\n\n<p>Der <strong>Au\u00dfenminister<\/strong> ist Mitglied der Regierung und der Hauptverantwortliche bei der Umsetzung der Au\u00dfenpolitik eines Landes. Zudem ist der Au\u00dfenminister im Ausland neben dem Regierungschef <strong>der h\u00f6chste Vertreter<\/strong> eines Staates und wird au\u00dferhalb seines Landes mit Seine Exzellenz angesprochen.&nbsp;<\/p>\n\n\n\n<h2 class=\"wp-block-heading\">Jetzt unser <strong>Wortbruch<\/strong>: wir wollten nicht mehr \u00fcber Frau Baerbock schreiben. <\/h2>\n\n\n\n<h2 class=\"wp-block-heading\">Aber:<\/h2>\n\n\n\n<h3 class=\"wp-block-heading\"><strong>Frau Baerbock ist die bei Weitem ungeeignetste Besetzung des Ministeriums des \u00c4u\u00dferen der Bundesrepublik Deutschland!<\/strong><\/h3>\n\n\n\n<p><strong>Warum<\/strong>? Weil sie eine <strong>Frau<\/strong> ist?<\/p>\n\n\n\n<p><strong>Nat\u00fcrlich nicht<\/strong>. Im Gegenteil!<\/p>\n\n\n\n<p>Seit 1947 waren <strong>weltweit 71 Frauen<\/strong> die <strong>Au\u00dfenministerinnen<\/strong> ihrer L\u00e4nder, von den zahlreichen \u00fcbrigen <strong>Ministerinnen<\/strong> und erst recht <strong>Staatschefinnen<\/strong> ganz zu schweigen. Nach <strong>15 m\u00e4nnlichen Au\u00dfenministern<\/strong> t\u00e4t uns sicherlich endlich einmal eine <strong>Frau<\/strong> an der Spitze des Amtes <strong>sehr gut<\/strong>!<\/p>\n\n\n\n<h2 class=\"wp-block-heading\">Halt <strong>nur nicht diese<\/strong>.<\/h2>\n\n\n\n<p>Wir sehen daf\u00fcr <strong>2 Gr\u00fcnde<\/strong>:<\/p>\n\n\n\n<h2 class=\"wp-block-heading\"><strong>1.&nbsp;&nbsp;&nbsp;&nbsp;&nbsp;&nbsp; Mehr scheinen als sein.<\/strong><\/h2>\n\n\n\n<p>Wir erinnern uns: Frau Baerbock hat ihren <strong>Lebenslauf aufgeh\u00fcbscht und aufgeplustert<\/strong>. Das wurde im Wahlkampf St\u00fcck f\u00fcr St\u00fcck demontiert und hat der Partei der Gr\u00fcnen ziemlich geschadet. Dann hat sie ein <strong>unwichtiges Buch<\/strong> ohne erforderliche <strong>Quellenangaben<\/strong> ver\u00f6ffentlicht (und inzwischen richtiger Weise wieder einkassiert \u2013 <strong>peinlich<\/strong> <strong>peinlich<\/strong>!). Und dann kommt sie nat\u00fcrlich ebensowenig \u201evom <strong>V\u00f6lkerrecht<\/strong>\u201c wie Robert <strong>Habeck<\/strong> von der \u201e<strong>Viehzucht<\/strong>\u201c. Ihr Titel LLM (<strong>Master of Laws<\/strong>) ist ein dreister <strong>Etikettenschwindel<\/strong>. Damit hatte sie sich als \u201eKanzlerkandidatin\u201c \u2013 was f\u00fcr eine Hybris! \u2013 selbst verstolpert.<\/p>\n\n\n\n<p>Es w\u00e4re <strong>blau\u00e4ugig<\/strong>, zu glauben, dass das im Ministerium des \u00c4u\u00dferen oder gar international <strong>unbemerkt geblieben<\/strong> w\u00e4re. Wer es jetzt in Zukunft mit der Frau Au\u00dfenministerin Baerbock zu tun bekommt, wird sich an diese <strong>peinliche Selbstdarstellung<\/strong> und ihr Ende erinnern und die Dame mit besonderen Augen sehen \u2013 <strong>Gutwillige<\/strong> werden das dann <strong>verdr\u00e4ngen<\/strong>, aber <strong>B\u00f6swillige<\/strong>, oder unter den ausl\u00e4ndischen Gespr\u00e4chspartnern nur die, die der Bundesrepublik nicht wohlgesonnen sind, werden es <strong>sehr wohl im Blick<\/strong> behalten.<\/p>\n\n\n\n<p>Das ist, wohlgemerkt, <strong>kein Negativurteil<\/strong> \u00fcber Frau Baerbocks Intelligenz, Engagement, guten Willen oder Lernf\u00e4higkeit. Es ist in unserer Wahrnehmung, und so wird es wohl bei vielen Anderen auch sein, ein <strong>Negativurteil<\/strong> \u00fcber ihr \u201e<strong>Charakterbild<\/strong> in der Geschichte\u201c.<\/p>\n\n\n\n<p>Und das d\u00fcrfte <strong>sch\u00e4dlich sein f\u00fcr unser Land<\/strong>.<\/p>\n\n\n\n<p>Aber das ist leider ja <strong>noch nicht Alles<\/strong>:<\/p>\n\n\n\n<h2 class=\"wp-block-heading\"><strong>2.&nbsp;&nbsp;&nbsp;&nbsp;&nbsp;&nbsp; Nichts gelernt und nichts geleistet.<\/strong><\/h2>\n\n\n\n<p>Frau Baerbock hat <strong>keine abgeschlossene Ausbildung<\/strong> in nichts. <strong>Studium abgebrochen<\/strong>, <strong>Doktorarbeit abgebrochen<\/strong>, angebliche <strong>Positionen<\/strong> <strong>garnicht<\/strong> <strong>innegehabt<\/strong>, LLM <strong>Etikettenschwindel<\/strong>. Nichts gelernt. Und <strong>Co-Vorsitzende einer 15-Prozent-Partei<\/strong> ist dann auch keine <strong>fetzige Leistung<\/strong>. Nichts von alledem qualifiziert Frau Baerbock f\u00fcr dieses Amt!<\/p>\n\n\n\n<p>Denn <strong>was genau ist das f\u00fcr ein Amt<\/strong>?<\/p>\n\n\n\n<h3 class=\"wp-block-heading\"><strong>a.&nbsp;&nbsp;&nbsp;&nbsp;&nbsp;&nbsp; Das Ausw\u00e4rtige Amt.<\/strong><\/h3>\n\n\n\n<p>Der Ausw\u00e4rtige Dienst hat gegenw\u00e4rtig <strong>12.082 Mitarbeiterinnen und Mitarbeiter<\/strong>, davon <strong>1.727<\/strong>&nbsp;im <strong>H\u00f6heren Dienst <\/strong>und<strong> 2.065<\/strong>&nbsp;im <strong>Gehobenen Dienst<\/strong>. Das Bundesbeamtengesetz (BBG) fordert in \u00a7 17 Absatz 5 als Bildungsvoraussetzung f\u00fcr die Laufbahn des <strong>h\u00f6heren Dienstes<\/strong> \u201e<em>ein mit einem <strong>Master<\/strong> abgeschlossenes <strong>Hochschulstudium<\/strong><\/em>\u201c oder einen <strong>gleichwertigen Abschluss<\/strong>. Die Ausbildung im <strong>gehobenen Ausw\u00e4rtigen Dienst<\/strong> erfolgt als&nbsp;Vorbereitungsdienst&nbsp;, der als <strong>3-j\u00e4hriges Diplomstudium<\/strong> organisiert ist. Sie ist durch Verordnungen des Bundes geregelt und f\u00fchrt zu einer Laufbahn-\/<strong>Diplompr\u00fcfung<\/strong>.<\/p>\n\n\n\n<p>Mit anderen Worten: <strong>3.792 Mitarbeiter<\/strong> des Amtes haben eine <strong>erheblich h\u00f6here Qualifikation als die Frau Ministerin! <\/strong>Und jeder von denen wei\u00df das nat\u00fcrlich, wenn er mal, vor die Chefin gerufen, vor ihr seinen B\u00fcckling macht.<\/p>\n\n\n\n<p>Da k\u00f6nnen wir Frau Baerbock nur <strong>viel Gl\u00fcck<\/strong> w\u00fcnschen, <strong>Selbstvertrauen<\/strong> bis zur Selbst\u00fcbersch\u00e4tzung hat sie ja.<\/p>\n\n\n\n<h3 class=\"wp-block-heading\"><strong>b.&nbsp;&nbsp;&nbsp;&nbsp;&nbsp;&nbsp; Die Au\u00dfenminister der Welt.<\/strong><\/h3>\n\n\n\n<p>Als Au\u00dfenministerin wird sie es zwar mit ausl\u00e4ndischen <strong>Staatenlenkern<\/strong> \u2013 die sicherlich auch von ihr geh\u00f6rt haben werden -, aber vor allem erst einmal mit deren <strong>Au\u00dfenministern<\/strong> zu tun haben. Und <strong>keine\/r von denen<\/strong> ist nach Lebenslauf, beruflicher Laufbahn, Erfahrung und vor allem Ausbildung mit dem Lebenslauf und Charakterbild unserer dann Au\u00dfenministerin vergleichbar.<\/p>\n\n\n\n<p>Mit 2 <strong>Ausnahmen<\/strong> vielleicht:<\/p>\n\n\n\n<ul class=\"wp-block-list\"><li><strong>Italien<\/strong><\/li><\/ul>\n\n\n\n<p>Au\u00dfenminister <strong>Di Maio<\/strong> begann ein Studium, <strong>Studienabschl\u00fcsse<\/strong> erlangte er jedoch <strong>keine<\/strong>. Er war aber immerhin von Juni 2018 bis September 2019&nbsp;<a href=\"https:\/\/de.wikipedia.org\/wiki\/Ministerium_f%C3%BCr_wirtschaftliche_Entwicklung_(Italien)\"><strong>Minister f\u00fcr wirtschaftliche Entwicklung<\/strong><\/a><strong>, Minister f\u00fcr&nbsp;<\/strong><a href=\"https:\/\/de.wikipedia.org\/wiki\/Ministerium_f%C3%BCr_Arbeit_und_Sozialpolitik\"><strong>Arbeit und Sozialpolitik<\/strong><\/a> sowie<strong> stellvertretender Ministerpr\u00e4sident<\/strong> im&nbsp;<a href=\"https:\/\/de.wikipedia.org\/wiki\/Kabinett_Conte_I\">Kabinett Conte I<\/a>. Also: <strong>nix gelernt<\/strong>, aber erstmal viel <strong>geleistet<\/strong>!<\/p>\n\n\n\n<ul class=\"wp-block-list\"><li><strong>Bundesrepublik<\/strong><\/li><\/ul>\n\n\n\n<p><strong>Joschka Fischer<\/strong>. Nach <strong>Gelegenheitsarbeiten<\/strong>, z. B. als \u00dcbersetzer von Romanen, war er in Frankfurt bis 1981 <strong>Taxifahrer<\/strong>&nbsp;und bis 1982 <strong>Aushilfe<\/strong> in einem Buchladen. <strong>Nix gelernt<\/strong>.<\/p>\n\n\n\n<p>Aber unter&nbsp;<a href=\"https:\/\/de.wikipedia.org\/wiki\/Ministerpr%C3%A4sident\">Ministerpr\u00e4sident<\/a>&nbsp;<a href=\"https:\/\/de.wikipedia.org\/wiki\/Holger_B%C3%B6rner\">Holger B\u00f6rner<\/a> wurde er&nbsp;<a href=\"https:\/\/de.wikipedia.org\/wiki\/Hessisches_Ministerium_f%C3%BCr_Umwelt,_Klimaschutz,_Landwirtschaft_und_Verbraucherschutz\"><strong>Staatsminister<\/strong> f\u00fcr Umwelt und Energie<\/a> in Hessen. Danach, unter Ministerpr\u00e4sident&nbsp;<a href=\"https:\/\/de.wikipedia.org\/wiki\/Hans_Eichel\">Hans Eichel<\/a>&nbsp;(SPD), wieder <strong>Umweltminister<\/strong> und <strong>Stellvertreter<\/strong> des Ministerpr\u00e4sidenten und <strong>Staatsminister<\/strong> f\u00fcr Bundesangelegenheiten. Also <strong>erstmal viel geleistet<\/strong>.<\/p>\n\n\n\n<h3 class=\"wp-block-heading\"><strong>Das w\u00e4rs dann aber auch.<\/strong><\/h3>\n\n\n\n<p>Die <strong>\u00fcbrigen Au\u00dfenminister<\/strong>, mit denen Frau Baerbock es zu tun bekommen wird, sind <strong>ganz andere Kaliber<\/strong>. Wie etwa:<\/p>\n\n\n\n<p><strong>Sergei Wiktorowitsch Lawrow<\/strong>, Russland. <strong>Abschluss<\/strong> am&nbsp;<a href=\"https:\/\/de.wikipedia.org\/wiki\/Moskauer_Staatliches_Institut_f%C3%BCr_Internationale_Beziehungen\">Moskauer Staatlichen Institut f\u00fcr Internationale Beziehungen<\/a>&nbsp;(MGIMO). Ein hochintelligenter, \u00e4u\u00dferst erfahrener, listenreicher und <strong>knochenharter Diplomat<\/strong>.<\/p>\n\n\n\n<p><strong>Antony John \u201eTony\u201c Blinken, <\/strong>USA. Schule in Paris, spricht flie\u00dfend und fast akzentfrei Franz\u00f6sisch.&nbsp; Studium in den USA, wo er&nbsp;an der&nbsp;<a href=\"https:\/\/de.wikipedia.org\/wiki\/Columbia_Law_School\">Columbia Law School<\/a>&nbsp;und&nbsp;<a href=\"https:\/\/de.wikipedia.org\/wiki\/Harvard_University\">Harvard University<\/a>&nbsp;<strong>Abschl\u00fcsse in Jura und Politikwissenschaften<\/strong> erwarb. Sehr geschickt und erfahren.<\/p>\n\n\n\n<p><strong>Jean-Yves Le Drian<\/strong>, Frankreich. <strong>Diplom<\/strong> in Geschichtswissenschaften, langj\u00e4hriger Abgeordneter in der&nbsp;<a href=\"https:\/\/de.wikipedia.org\/wiki\/Nationalversammlung_(Frankreich)\">Nationalversammlung<\/a>, von 1981 bis 1998 B\u00fcrgermeister von Lorient, 2004\u20132012 und 2015\u20132017 <strong>Pr\u00e4sident<\/strong> des Regionalrates der&nbsp;<a href=\"https:\/\/de.wikipedia.org\/wiki\/Bretagne\">Bretagne<\/a>&nbsp;sowie von 2012 bis 2017 <strong>Verteidigungsminister<\/strong>.<\/p>\n\n\n\n<h2 class=\"wp-block-heading\"><strong>Genug, genug<\/strong>.<\/h2>\n\n\n\n<p>Mit derartigen Leuten muss sich Frau Baerbock messen. Sollte sie au\u00dfer mit Herrn Erdogan auch mit dessen Au\u00dfenminister<strong> Mevl\u00fct \u00c7avu\u015fo\u011flu<\/strong>&nbsp;zusammentreffen, dann spricht sie immerhin mit jemandem, der seinen <strong>Doktor<\/strong> an der <strong>London School of Economics <\/strong>gemacht hat \u2013 das ist doch mal was.<\/p>\n\n\n\n<h2 class=\"wp-block-heading\"><strong>c.&nbsp;&nbsp;&nbsp;&nbsp;&nbsp;&nbsp; Frauen als Beispiele.<\/strong><\/h2>\n\n\n\n<p>Frau Baerbock w\u00e4re gut beraten, wenn sie sich ein Beispiel an <strong>ber\u00fchmten<\/strong> <strong>Au\u00dfenministerinnen<\/strong> nehmen w\u00fcrde, die allerdings erheblich <strong>andere Lebensl\u00e4ufe<\/strong> und alle erheblich <strong>bessere Qualifikationen<\/strong> aufweisen. Als da w\u00e4ren:<\/p>\n\n\n\n<p><strong>Federica Mogherini, <\/strong>ehemals Au\u00dfenbeauftragte der EU. Zuvor war sie Au\u00dfenministerin Italiens und hat einen Universit\u00e4tsabschluss.<\/p>\n\n\n\n<p><strong>Madeleine Korbel Albright, <\/strong>Promotion in Rechtswissenschaft<\/p>\n\n\n\n<p><strong>Hillary Diane Rodham Clinton<\/strong>. Dr. iur., Anw\u00e4ltin und Rechtsprofessorin.<\/p>\n\n\n\n<p>Na ja, wir wollen unserer Au\u00dfenrepr\u00e4sentantin dann doch <strong>nicht zu viel Angst<\/strong> machen.<\/p>\n\n\n\n<h2 class=\"wp-block-heading\"><strong>Der langen Rede kurzer Sinn:<\/strong><\/h2>\n\n\n\n<p>Wir verstehen ja, dass die Gr\u00fcnen ihrer Co-Vorsitzenden f\u00fcr ihre lange und aufopferungsvolle Arbeit f\u00fcr die Partei, trotz aller \u201eshortcomings\u201c, <strong>Lob<\/strong> und <strong>Lohn<\/strong> entgegenbringen wollen.<\/p>\n\n\n\n<p><strong>Lob<\/strong> ist ja auch <strong>ok<\/strong>.<\/p>\n\n\n\n<h2 class=\"wp-block-heading\">Aber als <strong>Lohn<\/strong> ist das <strong>Ausw\u00e4rtige Amt<\/strong> denn doch <strong>einige Nummern zu gro\u00df<\/strong>, oder?<\/h2>\n\n\n\n<p>Ihr Dr. Wolfgang Lipps<\/p>\n\n\n\n<p><\/p>\n\n\n\n<h1 class=\"wp-block-heading\"><strong><span class=\"has-inline-color has-vivid-red-color\">Nachtrag 1 \u2013 Annalenas K\u00fcchenenglisch<\/span><\/strong><\/h1>\n\n\n\n<p><strong>Annalena Baerbock<\/strong> ist jetzt \u2013 lo and behold \u2013 <strong>Au\u00dfenministerin<\/strong> der Bundesrepublik Deutschland, to boot. Gleich in den ersten Tagen ihres Amtes hatte sie einen <strong>Marathonlauf<\/strong> zu bew\u00e4ltigen \u00fcber Paris \u2013 Br\u00fcssel \u2013 Warschau \u2013 wieder Br\u00fcssel \u2013 Liverpool usw. usf.; <strong>gut gecoached<\/strong> vom Ausw\u00e4rtigen.<\/p>\n\n\n\n<p><strong>Dummerweise<\/strong> musste sie \u2013 oder musste nicht, aber wollte sie \u2013 dabei auch <strong>Englisch sprechen.<\/strong><\/p>\n\n\n\n<h2 class=\"wp-block-heading\"><strong>Jetzt ist das Netz voller <a href=\"https:\/\/ostbelgiendirekt.be\/netz-spottet-ueber-baerbocks-englisch-304871\">H\u00e4me<\/a>!<\/strong><\/h2>\n\n\n\n<p><strong>Und womit? Mit Recht.<\/strong><\/p>\n\n\n\n<p>Sie spricht, mit schon <strong>kabarettreifem deutschem Akzent<\/strong>, ein <strong>schlichtes<\/strong> \u201e<strong>anglo<\/strong>&#8211;<strong>saxon<\/strong>\u201c <strong>Schulenglisch<\/strong>. Dass sie damit als B\u00fcroleiterin einer Europaabgeordneten drei Jahre in Br\u00fcssel ausgekommen ist, erstaunt.<\/p>\n\n\n\n<p>Aber eines scheint uns klar:<\/p>\n\n\n\n<h2 class=\"wp-block-heading\"><strong>Wer so spricht, hat nie und nimmer ein volles Jahr lang an der LSE London School of Economics and Political Science studiert!<\/strong><\/h2>\n\n\n\n<p><strong>Denn da spricht man Englisch, und zwar ein gutes!<\/strong><\/p>\n\n\n\n<p>Ihr<\/p>\n\n\n\n<p><strong>Dr. Wolfgang Lipps<\/strong><\/p>\n\n\n\n<ul class=\"wp-block-list\"><li>Gesch\u00e4ftsf\u00fchrer<\/li><li><strong>Postgraduate <\/strong>der <strong>LSE <\/strong>London School of Economics and Political Science<\/li><li>F\u00fcr die Berliner Gerichte und Notare allgemein beeidigter <strong>Dolmetscher <\/strong>f\u00fcr die englische Sprache.<\/li><\/ul>\n\n\n\n<p><\/p>\n","protected":false},"excerpt":{"rendered":"<p>Annalena Baerbock ist als Au\u00dfenministerin eine krasse Fehlbesetzung.<\/p>\n","protected":false},"author":1,"featured_media":419,"comment_status":"open","ping_status":"closed","sticky":false,"template":"","format":"standard","meta":{"colormag_page_container_layout":"default_layout","colormag_page_sidebar_layout":"default_layout","footnotes":""},"categories":[1],"tags":[23,19],"class_list":["post-418","post","type-post","status-publish","format-standard","has-post-thumbnail","hentry","category-allgemein","tag-aussenministerin","tag-baerbock"],"_links":{"self":[{"href":"https:\/\/juni-consult.de\/index.php?rest_route=\/wp\/v2\/posts\/418","targetHints":{"allow":["GET"]}}],"collection":[{"href":"https:\/\/juni-consult.de\/index.php?rest_route=\/wp\/v2\/posts"}],"about":[{"href":"https:\/\/juni-consult.de\/index.php?rest_route=\/wp\/v2\/types\/post"}],"author":[{"embeddable":true,"href":"https:\/\/juni-consult.de\/index.php?rest_route=\/wp\/v2\/users\/1"}],"replies":[{"embeddable":true,"href":"https:\/\/juni-consult.de\/index.php?rest_route=%2Fwp%2Fv2%2Fcomments&post=418"}],"version-history":[{"count":5,"href":"https:\/\/juni-consult.de\/index.php?rest_route=\/wp\/v2\/posts\/418\/revisions"}],"predecessor-version":[{"id":429,"href":"https:\/\/juni-consult.de\/index.php?rest_route=\/wp\/v2\/posts\/418\/revisions\/429"}],"wp:featuredmedia":[{"embeddable":true,"href":"https:\/\/juni-consult.de\/index.php?rest_route=\/wp\/v2\/media\/419"}],"wp:attachment":[{"href":"https:\/\/juni-consult.de\/index.php?rest_route=%2Fwp%2Fv2%2Fmedia&parent=418"}],"wp:term":[{"taxonomy":"category","embeddable":true,"href":"https:\/\/juni-consult.de\/index.php?rest_route=%2Fwp%2Fv2%2Fcategories&post=418"},{"taxonomy":"post_tag","embeddable":true,"href":"https:\/\/juni-consult.de\/index.php?rest_route=%2Fwp%2Fv2%2Ftags&post=418"}],"curies":[{"name":"wp","href":"https:\/\/api.w.org\/{rel}","templated":true}]}}