{"id":374,"date":"2021-04-28T11:31:33","date_gmt":"2021-04-28T11:31:33","guid":{"rendered":"https:\/\/juni-consult.de\/?p=374"},"modified":"2021-05-01T10:14:05","modified_gmt":"2021-05-01T10:14:05","slug":"annalena-baerbock-eine-kandidatin-wird-aufgeplustert","status":"publish","type":"post","link":"https:\/\/juni-consult.de\/?p=374","title":{"rendered":"Annalena Baerbock \u2013 eine Kandidatin wird aufgeplustert"},"content":{"rendered":"\n<figure class=\"wp-block-image size-large is-resized\"><img loading=\"lazy\" decoding=\"async\" src=\"https:\/\/juni-consult.de\/wp-content\/uploads\/2021\/04\/annalena-baerbock_1-edited.jpg\" alt=\"\" class=\"wp-image-376\" width=\"847\" height=\"562\" srcset=\"https:\/\/juni-consult.de\/wp-content\/uploads\/2021\/04\/annalena-baerbock_1-edited.jpg 1900w, https:\/\/juni-consult.de\/wp-content\/uploads\/2021\/04\/annalena-baerbock_1-edited-300x199.jpg 300w, https:\/\/juni-consult.de\/wp-content\/uploads\/2021\/04\/annalena-baerbock_1-edited-1024x681.jpg 1024w, https:\/\/juni-consult.de\/wp-content\/uploads\/2021\/04\/annalena-baerbock_1-edited-768x511.jpg 768w, https:\/\/juni-consult.de\/wp-content\/uploads\/2021\/04\/annalena-baerbock_1-edited-1536x1021.jpg 1536w\" sizes=\"auto, (max-width: 847px) 100vw, 847px\" \/><\/figure>\n\n\n\n<p><strong>Frau Baerbock<\/strong> ist jetzt offizielle <strong>Kandidatin<\/strong> der Gr\u00fcnen f\u00fcr das Amt der <strong>Bundeskanzlerin<\/strong>. Sie w\u00e4re dort die zweite Frau in der Geschichte der Bundesrepublik Deutschland, und da darf man schon fragen, was sie so bisher geleistet hat. Ihre m\u00f6gliche Amtsvorg\u00e4ngerin ist immerhin diplomierte Physikerin und hat in diesem Fach magna cum laude promoviert.<\/p>\n\n\n\n<p>Der von Frau Baerbock verfasste Lebenslauf f\u00fcr die Unterlagen des Bundestages gibt nicht allzu viel her. <strong>DER SPIEGEL<\/strong> hat am 23. April 2021 einen <strong>Baerbock-Fan-Artikel<\/strong> geschrieben, in welchem er sie gleich in der 11. Zeile als <strong>\u201ePolitikwissenschaftlerin mit V\u00f6lkerrechtsabschluss\u201c<\/strong> bezeichnet.<\/p>\n\n\n\n<p>Das liest sich bedeutend. Stimmt es denn auch?<\/p>\n\n\n\n<p>Nee, <strong>so sicherlich nicht<\/strong>!<\/p>\n\n\n\n<p>Frau Baerbock hat in den Jahren 2000-2003 bei der Hannoverschen Allgemeinen Zeitung als freie Mitarbeiterin gearbeitet und nebenbei bis 2004 an der Universit\u00e4t Hamburg Politikwissenschaften und \u00f6ffentliches Recht studiert. Einen <strong>Abschluss<\/strong> hat sie <strong>nicht<\/strong> gemacht. Sie bezeichnet sich au\u00dferdem als <strong>Doktorantin des V\u00f6lkerrechts<\/strong> an der Freien Universit\u00e4t Berlin, hat ihre Promotion aber bislang nicht abgeschlossen. 2005 war sie <strong>Trainee<\/strong> beim britischen Institut f\u00fcr vergleichendes und V\u00f6lkerrecht.<\/p>\n\n\n\n<p>Ist sie damit eine <strong>\u201ePolitikwissenschaftlerin\u201c<\/strong>? Nach dem allgemeinen deutschen Sprachgebrauch (DWDS, Duden u. a.) <strong>nicht<\/strong>. Daf\u00fcr m\u00fcsste sie eine <strong>abgeschlossene<\/strong> <strong>Hochschulbildung<\/strong> haben und, durchaus auch privat, in <strong>Forschung<\/strong> oder <strong>Lehre<\/strong> t\u00e4tig sein.<\/p>\n\n\n\n<p>Da hat DER SPIEGEL sie also schon etwas <strong>aufgeplustert<\/strong>.<\/p>\n\n\n\n<p>Im <strong>Jahr 2004-2005<\/strong> hat sie <strong>ein Jahr lang<\/strong> an der au\u00dferordentlich renommierten und gerade f\u00fcr die Rechtswissenschaft bedeutenden englischen Universit\u00e4t <strong>LSE<\/strong> (London School of Economics and Political Science) an einem <strong>Master-Kurs<\/strong> teilgenommen und diesen mit dem Titel \u201e<strong>LLM<\/strong>\u201c (Master of Laws) abgeschlossen; das bezeichnet DER SPIEGEL als \u201e<strong>V\u00f6lkerrechtsabschluss<\/strong>\u201c.<\/p>\n\n\n\n<p>Wir haben uns schon gewundert, dass es Frau Baerbock offenkundig gelungen ist, an der <strong>Freien Universit\u00e4t<\/strong> einen <strong>Doktorvater<\/strong> zu finden, bei dem sie promovieren darf, ohne ein abgeschlossenes Studium vorweisen zu k\u00f6nnen. Das ist einigerma\u00dfen <strong>ungew\u00f6hnlich<\/strong>, aber <strong>nicht ganz unm\u00f6glich<\/strong> &#8211; Beziehungen schaden eben nur dem, der sie nicht hat!<\/p>\n\n\n\n<p>Noch <strong>merkw\u00fcrdiger<\/strong> aber ist der <strong>Masterabschluss<\/strong> an der <strong>LSE<\/strong>. Der setzt n\u00e4mlich eigentlich voraus, dass der Teilnehmer zun\u00e4chst einmal einen <strong>Studienabschluss<\/strong> <strong>in<\/strong> <strong>Rechtswissenschaften<\/strong> hat, und zwar \u00fcblicherweise mit <strong>sehr guten Noten<\/strong>. Es gibt zwar die seltene M\u00f6glichkeit, dass Studenten <strong>ohne rechtswissenschaftlichen Hintergrund<\/strong> am LLM-Programm teilnehmen, aber dann m\u00fcssen sie einen <strong>hohen Grad<\/strong> von <strong>beruflicher oder akademischer Erfahrung<\/strong> auf dem Studium verwandten Gebieten nachweisen. Da Frau Baerbock, wie wir wissen, keinen Abschluss hat, ist es ihr offenkundig gelungen, der LSE darzutun, dass sie eine <strong>\u00fcberdurchschnittliche v\u00f6lkerrechtliche Erfahrung, Ausbildung oder Praxis <\/strong>hatte.<\/p>\n\n\n\n<p>Wie gesagt: <strong>Beziehungen schaden nur dem, der sie nicht hat<\/strong>.<\/p>\n\n\n\n<p>Die <strong>Masterarbeit<\/strong> von Frau Baerbock ist leider bei der LSE <strong>nicht mehr auffindbar<\/strong>, ihr genauer Titel auch nicht. Sie hat sie aber auf dem Gebiet einer Vorlesungsreihe geschrieben, die da hei\u00dft:\u201c<strong> <\/strong><strong>The International Law of Armed Conflict and the Use of Force<\/strong>\u201d oder auf deutsch: \u201cDas V\u00f6lkerrecht f\u00fcr bewaffnete Konflikte und die Anwendung von Gewalt\u201d.<\/p>\n\n\n\n<p>Ist das ein <strong>V\u00f6lkerrechtsabschluss<\/strong>?<\/p>\n\n\n\n<p>Naja \u2013 das gesamte V\u00f6lkerrecht als solches geht nat\u00fcrlich erheblich weiter, aber nennen kann man diese Masterarbeit mit sehr gutem Willen so gerade mal.<\/p>\n\n\n\n<p>Aber <strong>etwas aufgeplustert<\/strong> ist das schon, oder?<\/p>\n\n\n\n<p><strong>Damit wir uns richtig verstehen<\/strong>: wir haben nicht das Geringste gegen Frau Baerbock und haben zudem nicht die Absicht, uns zu ihr als Politikerin, als Person und vor allem als Kanzlerkandidatin zu \u00e4u\u00dfern, weder positiv noch negativ. Wir meinen nur, dass es ebenso <strong>unn\u00f6tig<\/strong> oder sogar <strong>sch\u00e4dlich<\/strong> ist, eine Kanzlerkandidatin <strong>aufzuplustern<\/strong> und damit den Eindruck zu erwecken, sie scheine mehr als sie ist \u2013 genauso unn\u00f6tig oder gar sch\u00e4dlich, wie es ist, eine Kandidatin mit falschen oder ungenauen Schilderungen herunterzumachen.<\/p>\n\n\n\n<p>\u201eMehr sein als scheinen\u201c ist allemal besser als \u201emehr scheinen als sein\u201c eben!<\/p>\n\n\n\n<p>Oder?<\/p>\n\n\n\n<p>Ihr<\/p>\n\n\n\n<p>Dr. Wolfgang Lipps<\/p>\n\n\n\n<p>(ehemals, u. a. Postgraduate der LSE)<\/p>\n","protected":false},"excerpt":{"rendered":"<p>Frau Baerbock ist jetzt offizielle Kandidatin der Gr\u00fcnen f\u00fcr das Amt der Bundeskanzlerin. Sie w\u00e4re dort die zweite Frau in<\/p>\n","protected":false},"author":1,"featured_media":378,"comment_status":"open","ping_status":"closed","sticky":false,"template":"","format":"standard","meta":{"colormag_page_container_layout":"default_layout","colormag_page_sidebar_layout":"default_layout","footnotes":""},"categories":[1],"tags":[],"class_list":["post-374","post","type-post","status-publish","format-standard","has-post-thumbnail","hentry","category-allgemein"],"_links":{"self":[{"href":"https:\/\/juni-consult.de\/index.php?rest_route=\/wp\/v2\/posts\/374","targetHints":{"allow":["GET"]}}],"collection":[{"href":"https:\/\/juni-consult.de\/index.php?rest_route=\/wp\/v2\/posts"}],"about":[{"href":"https:\/\/juni-consult.de\/index.php?rest_route=\/wp\/v2\/types\/post"}],"author":[{"embeddable":true,"href":"https:\/\/juni-consult.de\/index.php?rest_route=\/wp\/v2\/users\/1"}],"replies":[{"embeddable":true,"href":"https:\/\/juni-consult.de\/index.php?rest_route=%2Fwp%2Fv2%2Fcomments&post=374"}],"version-history":[{"count":3,"href":"https:\/\/juni-consult.de\/index.php?rest_route=\/wp\/v2\/posts\/374\/revisions"}],"predecessor-version":[{"id":381,"href":"https:\/\/juni-consult.de\/index.php?rest_route=\/wp\/v2\/posts\/374\/revisions\/381"}],"wp:featuredmedia":[{"embeddable":true,"href":"https:\/\/juni-consult.de\/index.php?rest_route=\/wp\/v2\/media\/378"}],"wp:attachment":[{"href":"https:\/\/juni-consult.de\/index.php?rest_route=%2Fwp%2Fv2%2Fmedia&parent=374"}],"wp:term":[{"taxonomy":"category","embeddable":true,"href":"https:\/\/juni-consult.de\/index.php?rest_route=%2Fwp%2Fv2%2Fcategories&post=374"},{"taxonomy":"post_tag","embeddable":true,"href":"https:\/\/juni-consult.de\/index.php?rest_route=%2Fwp%2Fv2%2Ftags&post=374"}],"curies":[{"name":"wp","href":"https:\/\/api.w.org\/{rel}","templated":true}]}}