{"id":321,"date":"2020-03-25T15:09:22","date_gmt":"2020-03-25T15:09:22","guid":{"rendered":"https:\/\/juni-consult.de\/?p=321"},"modified":"2020-03-25T15:35:39","modified_gmt":"2020-03-25T15:35:39","slug":"drehbuch-der-corona-krise-bundestagsdrucksache-aus-2012","status":"publish","type":"post","link":"https:\/\/juni-consult.de\/?p=321","title":{"rendered":"Drehbuch der Corona-Krise: Bundestagsdrucksache aus 2012"},"content":{"rendered":"\n<figure class=\"wp-block-image size-large\"><img loading=\"lazy\" decoding=\"async\" width=\"900\" height=\"600\" src=\"https:\/\/juni-consult.de\/wp-content\/uploads\/2020\/03\/Corona-Virus.jpg\" alt=\"\" class=\"wp-image-322\" srcset=\"https:\/\/juni-consult.de\/wp-content\/uploads\/2020\/03\/Corona-Virus.jpg 900w, https:\/\/juni-consult.de\/wp-content\/uploads\/2020\/03\/Corona-Virus-300x200.jpg 300w, https:\/\/juni-consult.de\/wp-content\/uploads\/2020\/03\/Corona-Virus-768x512.jpg 768w\" sizes=\"auto, (max-width: 900px) 100vw, 900px\" \/><\/figure>\n\n\n\n<h2 class=\"wp-block-heading\"><strong>Schwindeln die\nPolitiker?<\/strong><\/h2>\n\n\n\n<p>Wir erleben zur Zeit eine <strong>weltweite Pandemie<\/strong>. Die Macher in der Politik \u2013 Herr <strong>S\u00f6der<\/strong>, Jens <strong>Spahn<\/strong>, Herr <strong>Altmeier<\/strong>, aber auch Herr <strong>Laschet <\/strong>und andere \u2013 erz\u00e4hlen uns h\u00f6chst erstaunt, das sei etwas <strong>Gewaltiges<\/strong>, etwas <strong>nie Dagewesenes<\/strong>, etwas Ungeheuerliches.<\/p>\n\n\n\n<p>Und nehmen hochzufrieden die Lobeshymnen der Untertanen entgegen: <strong>Tolles Krisenmanagement, super, Frau Merkel, Jens Spahn unser Held, toll der S\u00f6der.<\/strong><\/p>\n\n\n\n<p>Aus dem Stand gro\u00dfartig reagiert. <strong>CDU-Werte steigen<\/strong> in den Umfragen, <strong>S\u00f6der <\/strong>und <strong>Spahn <\/strong>sind erkennbar <strong>Kanzlermaterial<\/strong>!<\/p>\n\n\n\n<p>In Wahrheit gibt es f\u00fcr das, was zur Zeit passiert, eine wunderbare <strong>Blaupause<\/strong>.<\/p>\n\n\n\n<h2 class=\"wp-block-heading\"><strong>Bundestags-Drucksache <a href=\"http:\/\/dipbt.bundestag.de\/doc\/btd\/17\/120\/1712051.pdf\">17\/12051<\/a><\/strong><\/h2>\n\n\n\n<p>Im Jahr <strong>2012 <\/strong>hat die Bundesregierung eine \u201e<strong>Risikoanalyse zum Bev\u00f6lkerungsschutz<\/strong>\u201c erstellen lassen. Die tr\u00e4gt den sch\u00f6nen Namen \u201e<strong>Pandemie durch Virus Modi-SARS<\/strong>\u201c. Beteiligt waren mehrere Bundesbeh\u00f6rden unter Leitung des Robert-Koch-Instituts.<\/p>\n\n\n\n<p><em>\u201eDas Szenario beschreibt ein au\u00dfergew\u00f6hnliches Seuchengeschehen, das auf der Verbreitung eines neuartigen Erregers basiert\u2026.Die Vergangenheit hat bereits gezeigt, dass Erreger mit neuartigen Eigenschaften, die ein schwerwiegendes Seuchenereignis ausl\u00f6sen, pl\u00f6tzlich auftreten k\u00f6nnen (z. B. SARS-Coronavirus (CoV), H5N1-Influenzavirus, Chikungunya-Virus, HIV). Unter Verwendung vereinfachter Annahmen wurde f\u00fcr dieses Modi-SARS-Virus der hypothetische Verlauf einer Pandemie in Deutschland modelliert, welcher sowohl bundesrelevant als auch plausibel ist.\u201c<\/em><\/p>\n\n\n\n<p><strong>Lesen Sie<\/strong> in der Drucksache die <strong>S. 5<\/strong> und dann die <strong>Seiten 55 bis 83 <\/strong>&#8211; ein <strong>Hammer<\/strong>!<\/p>\n\n\n\n<h2 class=\"wp-block-heading\"><strong>Da fragt man\nsich:<\/strong><\/h2>\n\n\n\n<p>Wenn die Bundesregierung\nschon 2013, aufgrund dieser Analyse, genaue Vorstellungen dar\u00fcber haben konnte,\nwas bei einer derartigen Pandemie auf uns alle zukommen kann \u2013<\/p>\n\n\n\n<ul class=\"wp-block-list\"><li><strong>Warum <\/strong>gibt es dann nicht genug <strong>Intensivbetten<\/strong>,<\/li><li>Oder nicht genug <strong>Beatmungsger\u00e4te<\/strong>,<\/li><li>Oder ausgearbeitete <strong>Notfallpl\u00e4ne <\/strong>im Bund und in den L\u00e4ndern,<\/li><li>Warum erfolgte das <strong>Kontaktverbot <\/strong>so sp\u00e4t,<\/li><li>Warum gab es bis heute keine legislatorischen Ma\u00dfnahmen gegen <strong>Hamsterk\u00e4ufe<\/strong><\/li><\/ul>\n\n\n\n<p>u<strong>sw. usf?<\/strong><\/p>\n\n\n\n<h2 class=\"wp-block-heading\">ANTWORTEN, bitte !!!<\/h2>\n","protected":false},"excerpt":{"rendered":"<p>Schwindeln die Politiker? Wir erleben zur Zeit eine weltweite Pandemie. Die Macher in der Politik \u2013 Herr S\u00f6der, Jens Spahn,<\/p>\n","protected":false},"author":1,"featured_media":323,"comment_status":"open","ping_status":"closed","sticky":false,"template":"","format":"standard","meta":{"colormag_page_container_layout":"default_layout","colormag_page_sidebar_layout":"default_layout","footnotes":""},"categories":[1],"tags":[11,10,12],"class_list":["post-321","post","type-post","status-publish","format-standard","has-post-thumbnail","hentry","category-allgemein","tag-corona","tag-pandemie","tag-virus"],"_links":{"self":[{"href":"https:\/\/juni-consult.de\/index.php?rest_route=\/wp\/v2\/posts\/321","targetHints":{"allow":["GET"]}}],"collection":[{"href":"https:\/\/juni-consult.de\/index.php?rest_route=\/wp\/v2\/posts"}],"about":[{"href":"https:\/\/juni-consult.de\/index.php?rest_route=\/wp\/v2\/types\/post"}],"author":[{"embeddable":true,"href":"https:\/\/juni-consult.de\/index.php?rest_route=\/wp\/v2\/users\/1"}],"replies":[{"embeddable":true,"href":"https:\/\/juni-consult.de\/index.php?rest_route=%2Fwp%2Fv2%2Fcomments&post=321"}],"version-history":[{"count":4,"href":"https:\/\/juni-consult.de\/index.php?rest_route=\/wp\/v2\/posts\/321\/revisions"}],"predecessor-version":[{"id":327,"href":"https:\/\/juni-consult.de\/index.php?rest_route=\/wp\/v2\/posts\/321\/revisions\/327"}],"wp:featuredmedia":[{"embeddable":true,"href":"https:\/\/juni-consult.de\/index.php?rest_route=\/wp\/v2\/media\/323"}],"wp:attachment":[{"href":"https:\/\/juni-consult.de\/index.php?rest_route=%2Fwp%2Fv2%2Fmedia&parent=321"}],"wp:term":[{"taxonomy":"category","embeddable":true,"href":"https:\/\/juni-consult.de\/index.php?rest_route=%2Fwp%2Fv2%2Fcategories&post=321"},{"taxonomy":"post_tag","embeddable":true,"href":"https:\/\/juni-consult.de\/index.php?rest_route=%2Fwp%2Fv2%2Ftags&post=321"}],"curies":[{"name":"wp","href":"https:\/\/api.w.org\/{rel}","templated":true}]}}