{"id":305,"date":"2020-01-01T12:38:08","date_gmt":"2020-01-01T12:38:08","guid":{"rendered":"https:\/\/juni-consult.de\/?p=305"},"modified":"2020-01-01T12:54:06","modified_gmt":"2020-01-01T12:54:06","slug":"zum-neuen-jahr-2020","status":"publish","type":"post","link":"https:\/\/juni-consult.de\/?p=305","title":{"rendered":"Zum Neuen Jahr 2020 !"},"content":{"rendered":"\n<h3 class=\"wp-block-heading\">Neujahrsgr\u00fc\u00dfe<\/h3>\n\n\n\n<p>Das Jahr 2019 war f\u00fcr unser kleines Unternehmen sehr erfolgreich, und das verdanken wir unseren Mandanten und Freunden. Allen Besuchern unserer websites und vor allem unseren Mandanten und Freunden <strong>w\u00fcnschen wir ein gesundes friedvolles erf\u00fclltes und erfolgreiches Jahr 2020<\/strong>. Bitte bleiben Sie \u2013 bleibt Ihr \u2013 uns auch weiterhin gewogen.<\/p>\n\n\n\n<h3 class=\"wp-block-heading\">Kopfrechnen: Ungen\u00fcgend!<\/h3>\n\n\n\n<p>In den letzten Tagen ist im Fernsehen auf verschiedenen Sendern mehrfach darauf hingewiesen worden, dass mit dem <strong>31. Dezember 2019<\/strong> nun das<strong> 2. Jahrzehnt <\/strong>des 2. Jahrtausends ende und das 3. Jahrzehnt beginne; das liest man sogar <a href=\"https:\/\/www.stuttgarter-zeitung.de\/inhalt.ein-jahrzehnt-verabschiedet-sich-klima-krise-populisten-und-billiges-geld.785b0370-7051-46d0-8fc7-7b523e2a657b.html\"><strong>bisweilen<\/strong>.<\/a><\/p>\n\n\n\n<p>Das ist nat\u00fcrlich, mit Verlaub, <strong>Bl\u00f6dsinn<\/strong>!<\/p>\n\n\n\n<p>Am <strong>31.12.2019<\/strong> endet das <strong>9. Jahr des 2. Jahrzehnts<\/strong> \u2013 deshalb hei\u00dft es ja auch 201<strong>9<\/strong>. Das Jahrzehnt hat n\u00e4mlich am 1.1.2011 begonnen, weil am <strong>31.12.2010<\/strong> eben das <strong>10. Jahr des 1. Jahrzehnts<\/strong> geendet hat \u2013 deshalb hat das auch so gehei\u00dfen. Und nur noch mal zur Erinnerung: das 2. Jahrtausend hat nat\u00fcrlich nicht, wie damals landauf landab behauptet wurde, am <strong>1.1.2000<\/strong> begonnen, sondern am <strong>1.1.2001<\/strong>. Das ist halt wie bei Kindern \u2013 der 1. Geburtstag wird am <strong>Ende des 1. Jahres<\/strong> gefeiert und nicht an dem Tag, an dem das Kind das Licht der Welt erblickt hat.<\/p>\n\n\n\n<h3 class=\"wp-block-heading\">Gute PR.<\/h3>\n\n\n\n<p>Im letzten Jahr ist uns allen, fast allen,  <strong>Greta <\/strong>ans Herz gewachsen. Was man dabei gern vergisst, ist, dass Greta \u2013 auch \u2013 Produkt einer sehr geschickt angelegten <strong>PR-<a href=\"https:\/\/www.focus.de\/politik\/ausland\/klima-aktivistin-in-berlin-greta-thunberg-nur-eine-pr-marionette-schwedischer-journalist-klaert-ueber-vorwuerfe-auf_id_10523492.html\">Kampagne<\/a><\/strong><a href=\"https:\/\/www.focus.de\/politik\/ausland\/klima-aktivistin-in-berlin-greta-thunberg-nur-eine-pr-marionette-schwedischer-journalist-klaert-ueber-vorwuerfe-auf_id_10523492.html\"> <\/a>ist, und zwar vom 1. Foto an. Das sieht man sehr sch\u00f6n daran, dass sie ihre, mit Verlaub, <strong>t\u00f6richte how-dare-you-Rede <\/strong>weitgehend <a href=\"https:\/\/www.youtube.com\/watch?v=xVlRompc1yE\"><strong>ablesen<\/strong> <\/a>muss. <strong>Spontaneit\u00e4t sieht anders aus<\/strong>.<\/p>\n\n\n\n<h3 class=\"wp-block-heading\">Und zum Schluss und jetzt einmal ganz ehrlich:<\/h3>\n\n\n\n<ul class=\"wp-block-list\"><li>Wer mit dem Motorrad im H\u00fchnerstall monatlich\n1000 l Super verbraucht,<\/li><li>und wer mit dem SUV beim Arztbesuch 2 Rollatorrentner\n\u00fcberf\u00e4hrt,<\/li><li>und wer sich jeden Tag ein Discounterfleisch-Kotelett\nbr\u00e4t,<\/li><li>und wer 10mal jedes Jahr eine Kreuzfahrt macht,<\/li><\/ul>\n\n\n\n<p><strong>der ist doch, halten zu Gnaden, eine alte<\/strong> <strong><a href=\"https:\/\/www.youtube.com\/watch?v=7r3t8WDfe1A\">Umweltsau<\/a>.<\/strong><\/p>\n\n\n\n<p><strong>Wo also ist das Problem?<\/strong><\/p>\n\n\n\n<p>Mit\nfr\u00f6hlichen Gr\u00fc\u00dfen Ihr<\/p>\n\n\n\n<p>Dr.\nWolfgang Lipps<\/p>\n","protected":false},"excerpt":{"rendered":"<p>Neujahrsgr\u00fc\u00dfe Das Jahr 2019 war f\u00fcr unser kleines Unternehmen sehr erfolgreich, und das verdanken wir unseren Mandanten und Freunden. Allen<\/p>\n","protected":false},"author":1,"featured_media":307,"comment_status":"open","ping_status":"closed","sticky":false,"template":"","format":"standard","meta":{"colormag_page_container_layout":"default_layout","colormag_page_sidebar_layout":"default_layout","footnotes":""},"categories":[1],"tags":[],"class_list":["post-305","post","type-post","status-publish","format-standard","has-post-thumbnail","hentry","category-allgemein"],"_links":{"self":[{"href":"https:\/\/juni-consult.de\/index.php?rest_route=\/wp\/v2\/posts\/305","targetHints":{"allow":["GET"]}}],"collection":[{"href":"https:\/\/juni-consult.de\/index.php?rest_route=\/wp\/v2\/posts"}],"about":[{"href":"https:\/\/juni-consult.de\/index.php?rest_route=\/wp\/v2\/types\/post"}],"author":[{"embeddable":true,"href":"https:\/\/juni-consult.de\/index.php?rest_route=\/wp\/v2\/users\/1"}],"replies":[{"embeddable":true,"href":"https:\/\/juni-consult.de\/index.php?rest_route=%2Fwp%2Fv2%2Fcomments&post=305"}],"version-history":[{"count":3,"href":"https:\/\/juni-consult.de\/index.php?rest_route=\/wp\/v2\/posts\/305\/revisions"}],"predecessor-version":[{"id":312,"href":"https:\/\/juni-consult.de\/index.php?rest_route=\/wp\/v2\/posts\/305\/revisions\/312"}],"wp:featuredmedia":[{"embeddable":true,"href":"https:\/\/juni-consult.de\/index.php?rest_route=\/wp\/v2\/media\/307"}],"wp:attachment":[{"href":"https:\/\/juni-consult.de\/index.php?rest_route=%2Fwp%2Fv2%2Fmedia&parent=305"}],"wp:term":[{"taxonomy":"category","embeddable":true,"href":"https:\/\/juni-consult.de\/index.php?rest_route=%2Fwp%2Fv2%2Fcategories&post=305"},{"taxonomy":"post_tag","embeddable":true,"href":"https:\/\/juni-consult.de\/index.php?rest_route=%2Fwp%2Fv2%2Ftags&post=305"}],"curies":[{"name":"wp","href":"https:\/\/api.w.org\/{rel}","templated":true}]}}