{"id":228,"date":"2019-09-29T14:29:59","date_gmt":"2019-09-29T14:29:59","guid":{"rendered":"http:\/\/juni-consult.de\/?p=228"},"modified":"2020-01-03T11:05:41","modified_gmt":"2020-01-03T11:05:41","slug":"der-engel-der-spekulanten","status":"publish","type":"post","link":"https:\/\/juni-consult.de\/?p=228","title":{"rendered":"Der Engel der Spekulanten"},"content":{"rendered":"\n<p>Dr. Lipps 30.09.2019<\/p>\n\n\n\n<figure class=\"wp-block-image\"><img loading=\"lazy\" decoding=\"async\" width=\"300\" height=\"150\" src=\"https:\/\/juni-consult.de\/wp-content\/uploads\/2019\/10\/objekt-der-kritik-bausenatorin-katrin-lompscher-1-300x150.jpg\" alt=\"\" class=\"wp-image-288\" srcset=\"https:\/\/juni-consult.de\/wp-content\/uploads\/2019\/10\/objekt-der-kritik-bausenatorin-katrin-lompscher-1-300x150.jpg 300w, https:\/\/juni-consult.de\/wp-content\/uploads\/2019\/10\/objekt-der-kritik-bausenatorin-katrin-lompscher-1-768x383.jpg 768w, https:\/\/juni-consult.de\/wp-content\/uploads\/2019\/10\/objekt-der-kritik-bausenatorin-katrin-lompscher-1.jpg 940w\" sizes=\"auto, (max-width: 300px) 100vw, 300px\" \/><\/figure>\n\n\n\n<p><strong>Berlin kauft knapp 6000 Wohnungen<\/strong>&nbsp;von&nbsp;dem&nbsp;Immobilienkonzern&nbsp;Ado Properties aus Luxemburg&nbsp;zur\u00fcck.&nbsp;Stadtentwicklungssenatorin&nbsp;<strong>Lompscher<\/strong>&nbsp;spricht vom \u201e<em>gr\u00f6\u00dften Re-Kommunalisierungsankauf in der Geschichte Berlins<\/em>\u201c.&nbsp;&nbsp;<\/p>\n\n\n\n<h2 class=\"wp-block-heading\"><strong>Wer ist Katrin Lompscher?<\/strong>&nbsp;<\/h2>\n\n\n\n<p>Sie ist \u2013 f\u00fcr den der es noch nicht wei\u00df \u2013 <strong>Bausenatorin <\/strong>in Berlin. In dieser Stadt schie\u00dfen die Mieten in die H\u00f6he, bezahlbarer Wohnraum wird immer knapper, und deshalb zerbrechen sich viele&nbsp;kluge Menschen&nbsp;den Kopf, wie dem abzuhelfen w\u00e4re.&nbsp;<\/p>\n\n\n\n<p>Die einzig vern\u00fcnftige Antwort:<strong> Bauen&nbsp;Bauen&nbsp;Bauen!&nbsp;<\/strong><\/p>\n\n\n\n<p>Oder?&nbsp;<\/p>\n\n\n\n<p>Ausgerechnet die <strong>Bausenatorin&nbsp;<\/strong>ist&nbsp;da <strong>v\u00f6llig anderer Ansicht<\/strong>.&nbsp;\u202f<em>\u201eAlle wissen, dass <a href=\"https:\/\/www.tagesspiegel.de\/berlin\/berliner-senatorin-lompscher-neubau-allein-ist-nicht-die-loesung\/23915660.html \"><strong>Neubau <\/strong><\/a>allein nicht die L\u00f6sung ist, auch wenn es unstrittig ist, dass man Neubau braucht\u201c.&nbsp;<\/em><\/p>\n\n\n\n<h2 class=\"wp-block-heading\"><strong>Und wie tickt Katrin Lompscher?<\/strong>&nbsp;<\/h2>\n\n\n\n<p>Ihre Meinung und Haltung und damit Ihr Wirken werden wohl&nbsp;daran liegen, dass ausgerechnet die Bausenatorin die <strong>\u00fcberzeugteste Kommunistin im ganzen Senat <\/strong>ist.&nbsp;&nbsp;Dazu braucht man sich zun\u00e4chst mal nur ihren Lebenslauf anzusehen:  -1962 in Ost-Berlin geboren, <\/p>\n\n\n\n<ul class=\"wp-block-list\"><li>mit 18 Jahren Eintritt&nbsp;in die SED, <\/li><li>1990 bis 2007 weiterhin Mitglied in der in &#8211; PDS umbenannten SED, <\/li><li>ab 2007 nat\u00fcrlich dann weiter Mitglied in nunmehr \u201eDie Linke\u201c.&nbsp;<\/li><\/ul>\n\n\n\n<p>Von Dezember 2001 bis Oktober 2006 war Lompscher <strong>Bezirksstadtr\u00e4tin f\u00fcr Stadtentwicklung <\/strong>im\u202f<a href=\"https:\/\/de.wikipedia.org\/wiki\/Berlin-Lichtenberg\" target=\"_blank\" rel=\"noreferrer noopener\">Bezirksamt Berlin-Lichtenberg<\/a>.&nbsp;In ihr Ressort fiel auch die Einf\u00fchrung der\u202fumstrittenen und einigerma\u00dfen t\u00f6richten&nbsp;<a href=\"https:\/\/de.wikipedia.org\/wiki\/Umweltzone\" target=\"_blank\" rel=\"noreferrer noopener\"><strong>Umweltzone<\/strong><\/a><strong>\u202fin <\/strong>Berlin.&nbsp;<\/p>\n\n\n\n<p>Aufgrund der w\u00e4hrend ihrer Amtszeit als Bausenatorin wiederholt nach unten korrigierten Zahlen f\u00fcr bezahlbare Neubauten, und der angesichts fehlender Wohnungen zunehmenden Verdr\u00e4ngung von Mietern durch steigende Mieten&nbsp;titulierte sie\u202f<a href=\"https:\/\/de.wikipedia.org\/wiki\/Der_Tagesspiegel\" target=\"_blank\" rel=\"noreferrer noopener\">Der Tagesspiegel<\/a>\u202fam 6. Juli 2018 als <strong>Bauverhinderungssenatorin<\/strong>.&nbsp;Von den sechs landeseigenen Wohnungsbaugesellschaften&nbsp;wurde sie&nbsp;wegen ihres schleppenden und umst\u00e4ndlichen Ansto\u00dfens neuer Bauvorhaben und sp\u00e4rlicher Freigaben l\u00e4ndlicher Baufl\u00e4chen&nbsp;mit Recht&nbsp;<strong>scharf attackiert<\/strong>, sowie die Bearbeitungsweise von Bauantr\u00e4gen und Siedlungsvorhaben <strong>bem\u00e4ngelt<\/strong>.&nbsp;Nach einer Aufstellung der Industrie- und Handelskammer hat&nbsp;sich die Zahl der festgesetzten Bebauungspl\u00e4ne im Jahr 2018 im Vergleich zu 2016, dem letzten Amtsjahr von Lompschers Vorg\u00e4nger, <strong>halbiert<\/strong>.&nbsp;Am 6. April 2019 nahm die Bausenatorin an der gro\u00dfen \u201e#<strong>Mietenwahnsinn\u201c-Demonstration<\/strong> teil. Aufsehen erregte dies insbesondere, da Lompscher als Mitglied der Berliner Landesregierung gegen wohnungswirtschaftliche Verh\u00e4ltnisse protestierte, f\u00fcr die ihre Partei bzw. sie <strong>selber langj\u00e4hrig verantwortlich <\/strong>waren und sind.&nbsp;Auf kritische R\u00fcckfrage lie\u00df <strong><a href=\"https:\/\/de.wikipedia.org\/wiki\/Katrin_Lompscher\">Lompscher <\/a><\/strong>ihre Sprecherin mitteilen, dass sie&nbsp;\u201eprivat\u201c&nbsp;bei der Demonstration gewesen sei.&nbsp;<\/p>\n\n\n\n<p><strong>D\u00fcmmer gehts nimmer!<\/strong><\/p>\n\n\n\n<h2 class=\"wp-block-heading\">Zum Beispiel: Mietendeckel und Enteignung<\/h2>\n\n\n\n<p>Katrin Lompscher (Linke), hat ein <strong>Gesetz <\/strong>erarbeiten lassen, das Eigent\u00fcmer zu einer <strong>drastischen Absenkung der Wohnungsmieten <\/strong>zwingen w\u00fcrde.&nbsp;<\/p>\n\n\n\n<p>Das Gesetz \u00e4hnelt einem Strategiepapier der Gruppe \u201e<a href=\"https:\/\/www.bz-berlin.de\/berlin\/kolumne\/folgt-senatorin-lompscher-dem-rat-einer-gefaehrlichen-organisation \">I<strong>nterventionistische Linke<\/strong><\/a>\u201c (IL) vom Juli 2018 mit dem Titel: \u201e<strong>Das Rote Berlin<\/strong>\u201c. Dort wirbt die Gruppe \u201ef\u00fcr eine sozialistische Wohnungspolitik\u201c. Die \u201eInterventionistische Linke\u201c wird vom <strong>Verfassungsschutz <\/strong>beobachtet und als \u201erevolution\u00e4r\u201c eingestuft.&nbsp;Das <strong><a href=\"https:\/\/www.bz-berlin.de\/berlin\/kolumne\/folgt-senatorin-lompscher-dem-rat-einer-gefaehrlichen-organisation \">Lompscher-Gesetz<\/a><\/strong> schr\u00e4nkt den finanziellen Spielraum der Eigent\u00fcmer derartig ein, dass sich die <strong>Vermietung praktisch nicht mehr lohnt<\/strong>. <strong>Genau dieses Ziel <\/strong>verfolgt auch die <strong>Gruppe IL<\/strong>. Sie will \u201eSand ins Getriebe des Immobilienmarktes\u201c streuen und so \u201eden privaten Wohnungsmarkt verdr\u00e4ngen\u201c (\u201eDas Rote Berlin\u201c, S. 15).&nbsp;<\/p>\n\n\n\n<p>Es geht also nicht darum, f\u00fcr mehr Wohnraum zu sorgen und auch nicht um die H\u00f6he der Mieten, sondern darum, das <strong>Privateigentum prinzipiell <\/strong><a href=\"https:\/\/www.cicero.de\/wirtschaft\/linke-mietendeckel-berlin-entwurf-aktuell-enteignung\"><strong>abzuschaffen<\/strong><\/a>.&nbsp;Im Lompscher-Gesetz wird auch das Eigentum der <strong>kleinen Leute <\/strong>angegriffen: Wer <strong>Eigenbedarf <\/strong>auf seine Wohnung anmeldet, der soll die eigene Wohnung nur nutzen d\u00fcrfen, wenn das Bezirksamt zustimmt.&nbsp;<\/p>\n\n\n\n<p>Die <strong>Linkspartei <\/strong>verf\u00fcgt \u00fcber starke <strong>Kontakte ins linksextreme Milieu. <\/strong>Nicht zuf\u00e4llig ziehen die Vordenker der IL und die Berater der Frau Lompscher an einem Strang. Zu diesen Beratern z\u00e4hlt auch der Sozialwissenschaftler Andrej Holm (48). Er wurde im Dezember 2016 von Frau Lompscher als Staatssekret\u00e4r bestellt,&nbsp;mu\u00dfte&nbsp;aber wenig sp\u00e4ter seinen Hut nehmen, weil er falsche Angaben zu seiner fr\u00fcheren T\u00e4tigkeit f\u00fcr der DDR-Staatssicherheit gemacht hatte.&nbsp;<\/p>\n\n\n\n<h2 class=\"wp-block-heading\"><strong>Der Engel der Spekulanten<\/strong>&nbsp;<\/h2>\n\n\n\n<p>Ausgerechnet diese Frau hat jetzt einer <strong>luxemburgischen Immobiliengesellschaft <\/strong>zu einem <strong>gigantischen Spekulationsgewinn <\/strong>verholfen \u2013 einer Gesellschaft der Art,&nbsp;die sie bek\u00e4mpft und enteignen m\u00f6chte. Und das <strong>auf Kosten<\/strong> \u2013 hohe Kosten \u2013 <strong>des Steuerzahlers <\/strong>und ohne jeden positiven Effekt, ja sogar zum Schaden des Berliner Wohnungsmarktes.&nbsp;<\/p>\n\n\n\n<p><strong>Wie das?&nbsp;<\/strong><\/p>\n\n\n\n<p>Nun, siehe oben, die landeseigene Gewobag hat gerade von der luxemburgischen Ado Propertier <strong>6000 Wohnungen gekauft<\/strong>, f\u00fcr sagenhafte <strong>\u20ac 920 Mio, also knapp eine&nbsp;Milliarde<\/strong>! Der&nbsp;Gewinner ist: die Verk\u00e4uferin.&nbsp;<\/p>\n\n\n\n<p>Denn:&nbsp;<\/p>\n\n\n\n<ul class=\"wp-block-list\"><li>Im&nbsp;<strong>Mai 2004&nbsp;<\/strong>verkaufte die <strong>landeseigene Wohnungsbaugesellschaft&nbsp;GSW<\/strong>, die diese Sozialwohnungen gebaut hatte, die&nbsp;f\u00fcr <strong>50&nbsp;Mio<\/strong>, an Private.&nbsp;<\/li><li>Im&nbsp;<strong>M\u00e4rz 2015<\/strong>&nbsp;<strong>kauft <\/strong>die&nbsp;<strong>Ado Properties<\/strong>&nbsp;diese&nbsp;f\u00fcr <strong>375&nbsp;Mio<\/strong>. Und&nbsp;jetzt, <\/li><li>im<strong>&nbsp;Sept 2019<\/strong>,&nbsp;verkauft&nbsp;Ado&nbsp;an Gewobag f\u00fcr <strong>920&nbsp;Mio<\/strong>,&nbsp;unter&nbsp;\u00dcbernahme&nbsp;von&nbsp;Schulden&nbsp;in H\u00f6he von&nbsp;340 Mio.&nbsp;&nbsp;<\/li><\/ul>\n\n\n\n<p><strong>Nettogewinn&nbsp;der&nbsp;Ado in 4 Jahren&nbsp;also&nbsp;205&nbsp;Mio<\/strong>&nbsp;(ca. <strong>13% Rendite <\/strong>netto).&nbsp;<\/p>\n\n\n\n<p>Eine <strong>Traumrendite<\/strong>, die ohne Frau Lompscher nur schwer zu erzielen ist &#8211; daf\u00fcr h\u00e4tte sie eine fette Provision verdient.<\/p>\n\n\n\n<p>Der <strong>Wohnungsmarkt <\/strong>in Berlin hat von diesem Deal erkennbar  <strong>\u00fcberhaupt nichts<\/strong>!<\/p>\n\n\n\n<p>Die <strong>Mieter <\/strong>dieser Wohnungen haben von der von Frau Lompscher gepriesenen \u00dcbernahme entweder nix, weil die Gewobag ja auch kostendeckende Mieten nehmen muss und die Mietendeckelung, weil rechtswidrig und g\u00e4nzlich undurchf\u00fchrbar, ohnehin nicht kommt.&nbsp;<\/p>\n\n\n\n<p><strong>Oder <\/strong>die Gewobag setzt die Mieten runter oder erh\u00f6ht wenigstens nicht \u2013 dann bleiben Unterdeckungen im Staatss\u00e4ckel und damit letztlich beim Steuerzahler h\u00e4ngen.&nbsp;<\/p>\n\n\n\n<p><strong>F\u00fcr 920&nbsp;Mio&nbsp;k\u00f6nnte man stattdessen&nbsp;5000 neue Wohnungen bauen!&nbsp;<\/strong><\/p>\n\n\n\n<p>Aber das Geld ist ja nun weg, oder \u2013 Geld ist ja nie weg, das haben jetzt nur Andere \u2013 jedenfalls in Luxemburg.&nbsp;<\/p>\n\n\n\n<p>Das sollte sich die <strong>Staatsanwaltschaft&nbsp;<\/strong>mal&nbsp;ansehen.&nbsp;<\/p>\n\n\n\n<p>Ihr&nbsp;<\/p>\n\n\n\n<p>Dr.&nbsp;Wolfgang&nbsp;Lipps&nbsp;<\/p>\n","protected":false},"excerpt":{"rendered":"<p>Dr. Lipps 30.09.2019 Berlin kauft knapp 6000 Wohnungen&nbsp;von&nbsp;dem&nbsp;Immobilienkonzern&nbsp;Ado Properties aus Luxemburg&nbsp;zur\u00fcck.&nbsp;Stadtentwicklungssenatorin&nbsp;Lompscher&nbsp;spricht vom \u201egr\u00f6\u00dften Re-Kommunalisierungsankauf in der Geschichte Berlins\u201c.&nbsp;&nbsp; Wer ist<\/p>\n","protected":false},"author":1,"featured_media":241,"comment_status":"open","ping_status":"closed","sticky":false,"template":"","format":"standard","meta":{"colormag_page_container_layout":"default_layout","colormag_page_sidebar_layout":"default_layout","footnotes":""},"categories":[1],"tags":[],"class_list":["post-228","post","type-post","status-publish","format-standard","has-post-thumbnail","hentry","category-allgemein"],"_links":{"self":[{"href":"https:\/\/juni-consult.de\/index.php?rest_route=\/wp\/v2\/posts\/228","targetHints":{"allow":["GET"]}}],"collection":[{"href":"https:\/\/juni-consult.de\/index.php?rest_route=\/wp\/v2\/posts"}],"about":[{"href":"https:\/\/juni-consult.de\/index.php?rest_route=\/wp\/v2\/types\/post"}],"author":[{"embeddable":true,"href":"https:\/\/juni-consult.de\/index.php?rest_route=\/wp\/v2\/users\/1"}],"replies":[{"embeddable":true,"href":"https:\/\/juni-consult.de\/index.php?rest_route=%2Fwp%2Fv2%2Fcomments&post=228"}],"version-history":[{"count":19,"href":"https:\/\/juni-consult.de\/index.php?rest_route=\/wp\/v2\/posts\/228\/revisions"}],"predecessor-version":[{"id":308,"href":"https:\/\/juni-consult.de\/index.php?rest_route=\/wp\/v2\/posts\/228\/revisions\/308"}],"wp:featuredmedia":[{"embeddable":true,"href":"https:\/\/juni-consult.de\/index.php?rest_route=\/wp\/v2\/media\/241"}],"wp:attachment":[{"href":"https:\/\/juni-consult.de\/index.php?rest_route=%2Fwp%2Fv2%2Fmedia&parent=228"}],"wp:term":[{"taxonomy":"category","embeddable":true,"href":"https:\/\/juni-consult.de\/index.php?rest_route=%2Fwp%2Fv2%2Fcategories&post=228"},{"taxonomy":"post_tag","embeddable":true,"href":"https:\/\/juni-consult.de\/index.php?rest_route=%2Fwp%2Fv2%2Ftags&post=228"}],"curies":[{"name":"wp","href":"https:\/\/api.w.org\/{rel}","templated":true}]}}